{"id":10272,"date":"2025-03-31T08:24:26","date_gmt":"2025-03-31T06:24:26","guid":{"rendered":"https:\/\/www.tsv-buchbach.de\/fussball\/?p=10272"},"modified":"2025-03-31T08:24:26","modified_gmt":"2025-03-31T06:24:26","slug":"u19-englische-woche-beginnt-in-grosskarolinenfeld","status":"publish","type":"post","link":"https:\/\/www.tsv-buchbach.de\/fussball\/u19-englische-woche-beginnt-in-grosskarolinenfeld\/","title":{"rendered":"U19 &#8211; englische Woche beginnt in Gro\u00dfkarolinenfeld"},"content":{"rendered":"<p><strong>SG Gro\u00dfkarolinenfeld \/ Kolbermoor : TSV Buchbach\u00a0 0:2\u00a0\u00a0 (0:2)<\/strong><\/p>\n<p>In der englischen Woche, mit zwei Ausw\u00e4rtsspielen, ging es f\u00fcr unsere U19 am Mittwoch nach Gro\u00dfkarolinenfeld wo auf einem schlecht ausgeleuchteten Platz ein schwieriges Spiel auf uns zukam. Nach den beiden Siegen davor, waren wir als klarer Favorit angetreten und wie bef\u00fcrchtet leider nicht voll fokussiert in die Partie gegangen. Dies konnte man schon in den ersten Minuten feststellen, als mit Hacke versucht wurde zu spielen, anstatt saubere B\u00e4lle zu spielen.<\/p>\n<p>Dennoch ist uns fr\u00fch das 0:1 gelungen (5. Min) als Heili den gegnerischen IV so geschickt anlief, dass der Pressschlag im Gastgebertor landete. Das 0:2 viel ebenfalls durch Heili der in der 42. Minute sich durchtankte und unhaltbar einschoss.<\/p>\n<p>Die zweite Halbzeit pl\u00e4tscherte so dahin, mit ein paar Chancen vor allem auf unserer Seite, aber gut war das Spiel nicht.<\/p>\n<p><strong>Kader:<\/strong> Zankl Lukas \u2013 Greimel Jonas, Hagl Simon, Godl Jonas, Waltl Dominik \u2013 Lentfellner Felix, Radegast Yannik, Selmani Luka, Egge Melvin, Aigner Quirin \u2013 Grill Lorenz\u00a0\u00a0 Ersatz: Elamir Omar, Kuc Adin, Stehbeck Josef, Silas Heider<\/p>\n<p><strong>Tore:<\/strong> Heilmeier Sebastian (2)<\/p>\n","protected":false},"excerpt":{"rendered":"<p>SG Gro\u00dfkarolinenfeld \/ Kolbermoor : TSV Buchbach\u00a0 0:2\u00a0\u00a0 (0:2) In der englischen Woche, mit zwei Ausw\u00e4rtsspielen, ging es f\u00fcr unsere U19 am Mittwoch nach Gro\u00dfkarolinenfeld wo auf einem schlecht ausgeleuchteten&#8230;<\/p>\n","protected":false},"author":6,"featured_media":10273,"comment_status":"closed","ping_status":"open","sticky":false,"template":"","format":"standard","meta":{"footnotes":""},"categories":[64],"tags":[],"class_list":["post-10272","post","type-post","status-publish","format-standard","has-post-thumbnail","hentry","category-jugend"],"_links":{"self":[{"href":"https:\/\/www.tsv-buchbach.de\/fussball\/wp-json\/wp\/v2\/posts\/10272","targetHints":{"allow":["GET"]}}],"collection":[{"href":"https:\/\/www.tsv-buchbach.de\/fussball\/wp-json\/wp\/v2\/posts"}],"about":[{"href":"https:\/\/www.tsv-buchbach.de\/fussball\/wp-json\/wp\/v2\/types\/post"}],"author":[{"embeddable":true,"href":"https:\/\/www.tsv-buchbach.de\/fussball\/wp-json\/wp\/v2\/users\/6"}],"replies":[{"embeddable":true,"href":"https:\/\/www.tsv-buchbach.de\/fussball\/wp-json\/wp\/v2\/comments?post=10272"}],"version-history":[{"count":1,"href":"https:\/\/www.tsv-buchbach.de\/fussball\/wp-json\/wp\/v2\/posts\/10272\/revisions"}],"predecessor-version":[{"id":10274,"href":"https:\/\/www.tsv-buchbach.de\/fussball\/wp-json\/wp\/v2\/posts\/10272\/revisions\/10274"}],"wp:featuredmedia":[{"embeddable":true,"href":"https:\/\/www.tsv-buchbach.de\/fussball\/wp-json\/wp\/v2\/media\/10273"}],"wp:attachment":[{"href":"https:\/\/www.tsv-buchbach.de\/fussball\/wp-json\/wp\/v2\/media?parent=10272"}],"wp:term":[{"taxonomy":"category","embeddable":true,"href":"https:\/\/www.tsv-buchbach.de\/fussball\/wp-json\/wp\/v2\/categories?post=10272"},{"taxonomy":"post_tag","embeddable":true,"href":"https:\/\/www.tsv-buchbach.de\/fussball\/wp-json\/wp\/v2\/tags?post=10272"}],"curies":[{"name":"wp","href":"https:\/\/api.w.org\/{rel}","templated":true}]}}