{"id":10275,"date":"2025-03-31T08:26:15","date_gmt":"2025-03-31T06:26:15","guid":{"rendered":"https:\/\/www.tsv-buchbach.de\/fussball\/?p=10275"},"modified":"2025-03-31T08:26:15","modified_gmt":"2025-03-31T06:26:15","slug":"b-jugend-des-tsv-buchbach-unterliegt-dem-tsv-ampfing","status":"publish","type":"post","link":"https:\/\/www.tsv-buchbach.de\/fussball\/b-jugend-des-tsv-buchbach-unterliegt-dem-tsv-ampfing\/","title":{"rendered":"B-Jugend des TSV Buchbach unterliegt dem TSV Ampfing"},"content":{"rendered":"<p>Am Freitagabend traf die B-Jugend des TSV Buchbach auf heimischem Kunstrasen auf den TSV Ampfing. Bei Nieselregen pfiff Schiedsrichter Igli Guzi das Spiel um 18 Uhr an. Die Zuschauer waren gespannt auf das Duell der beiden Mannschaften, doch die anf\u00e4ngliche Hoffnung der Buchbacher wurde schnell ged\u00e4mpft.<\/p>\n<p>Bereits in der 14. Minute gerieten die Gastgeber in R\u00fcckstand. Nach einem chaotischen Durcheinander vor dem Tor der Buchbacher gelang es den G\u00e4sten vom TSV Ampfing, den Ball zum 0:1 \u00fcber die Linie zu dr\u00fccken. Die Heimmannschaft versuchte, den Schock schnell abzusch\u00fctteln, doch die G\u00e4ste standen defensiv stabil und lie\u00dfen wenig zu.<\/p>\n<p>In der 31. Minute reagierten die Trainer des TSV Buchbach und brachten Max Kistler f\u00fcr Tim Schwarzenb\u00f6ck, um mehr Druck auf die gegnerische Abwehr auszu\u00fcben. Doch das Verletzungsprobleme holte die Buchbacher ein: In der 39. Minute musste Max Kistler nach nur acht Minuten Spielzeit verletzungsbedingt das Feld verlassen und wurde durch Batuhan Kavalci ersetzt.<\/p>\n<p>Die erste Halbzeit nahm eine weitere Wendung, als Raphael Maier in der 40. Minute nach einer umstrittenen Entscheidung des Schiedsrichters, die einen vermeintlichen R\u00fcckpass auf den Torwart betraf, wegen Meckerns eine gelbe Karte erhielt. In der Nachspielzeit der ersten H\u00e4lfte wechselten die G\u00e4ste, und kurz darauf fiel das 0:2 f\u00fcr den TSV Ampfing.<\/p>\n<p>Nach dem Seitenwechsel versuchten die Buchbacher, das Blatt zu wenden. In der 53. Minute erhielt ein Spieler des TSV Ampfing aufgrund eines Fouls eine 5-min\u00fctige Zeitstrafe, die vom Schiedsrichter vollkommen korrekt gegeben wurde. Der TSV Buchbach sch\u00f6pfte Hoffnung, doch in der 55. Minute musste erneut ein Spieler verletzt vom Feld: Raphael Meier, der nach einem Pressball angeschlagen war, wurde durch Raphael Glas ersetzt.<\/p>\n<p>In der 63. Minute feierten die Buchbacher dann ihren ersten Treffer. Nach einer sch\u00f6n ausgef\u00fchrten Ecke war es Abwehrspieler Simon Brandlhuber, der den Anschlusstreffer zum 1:2 erzielte und die Zuschauer zur\u00fcck ins Spiel holte. Die Buchbacher witterten ihre Chance, doch die G\u00e4ste blieben gef\u00e4hrlich.<\/p>\n<p>In der 72. und 74. Minute wechselten die Ampfinger erneut aus, und in der 74. Minute sah Jakob Fertl von Buchbach nach einem Foul die gelbe Karte. In der 78. Minute erh\u00f6hten die G\u00e4ste dann auf 1:3 und sorgten damit f\u00fcr einen erneuten R\u00fcckschlag f\u00fcr die Heimmannschaft.<\/p>\n<p>Den Schlusspunkt setzten die G\u00e4ste in der 80. Minute, als sie das Endstandtor zum 1:4 erzielten. Trotz aller Bem\u00fchungen und des k\u00e4mpferischen Einsatzes der Buchbacher blieb der Sieg der Ampfinger unangefochten.<\/p>\n","protected":false},"excerpt":{"rendered":"<p>Am Freitagabend traf die B-Jugend des TSV Buchbach auf heimischem Kunstrasen auf den TSV Ampfing. Bei Nieselregen pfiff Schiedsrichter Igli Guzi das Spiel um 18 Uhr an. Die Zuschauer waren&#8230;<\/p>\n","protected":false},"author":6,"featured_media":10276,"comment_status":"closed","ping_status":"open","sticky":false,"template":"","format":"standard","meta":{"footnotes":""},"categories":[64],"tags":[],"class_list":["post-10275","post","type-post","status-publish","format-standard","has-post-thumbnail","hentry","category-jugend"],"_links":{"self":[{"href":"https:\/\/www.tsv-buchbach.de\/fussball\/wp-json\/wp\/v2\/posts\/10275","targetHints":{"allow":["GET"]}}],"collection":[{"href":"https:\/\/www.tsv-buchbach.de\/fussball\/wp-json\/wp\/v2\/posts"}],"about":[{"href":"https:\/\/www.tsv-buchbach.de\/fussball\/wp-json\/wp\/v2\/types\/post"}],"author":[{"embeddable":true,"href":"https:\/\/www.tsv-buchbach.de\/fussball\/wp-json\/wp\/v2\/users\/6"}],"replies":[{"embeddable":true,"href":"https:\/\/www.tsv-buchbach.de\/fussball\/wp-json\/wp\/v2\/comments?post=10275"}],"version-history":[{"count":1,"href":"https:\/\/www.tsv-buchbach.de\/fussball\/wp-json\/wp\/v2\/posts\/10275\/revisions"}],"predecessor-version":[{"id":10277,"href":"https:\/\/www.tsv-buchbach.de\/fussball\/wp-json\/wp\/v2\/posts\/10275\/revisions\/10277"}],"wp:featuredmedia":[{"embeddable":true,"href":"https:\/\/www.tsv-buchbach.de\/fussball\/wp-json\/wp\/v2\/media\/10276"}],"wp:attachment":[{"href":"https:\/\/www.tsv-buchbach.de\/fussball\/wp-json\/wp\/v2\/media?parent=10275"}],"wp:term":[{"taxonomy":"category","embeddable":true,"href":"https:\/\/www.tsv-buchbach.de\/fussball\/wp-json\/wp\/v2\/categories?post=10275"},{"taxonomy":"post_tag","embeddable":true,"href":"https:\/\/www.tsv-buchbach.de\/fussball\/wp-json\/wp\/v2\/tags?post=10275"}],"curies":[{"name":"wp","href":"https:\/\/api.w.org\/{rel}","templated":true}]}}