{"id":11217,"date":"2025-11-23T20:17:09","date_gmt":"2025-11-23T19:17:09","guid":{"rendered":"https:\/\/www.tsv-buchbach.de\/fussball\/?p=11217"},"modified":"2025-11-23T20:18:44","modified_gmt":"2025-11-23T19:18:44","slug":"u13-auf-allwetterplatz-spielfreudig","status":"publish","type":"post","link":"https:\/\/www.tsv-buchbach.de\/fussball\/u13-auf-allwetterplatz-spielfreudig\/","title":{"rendered":"U13 auf Allwetterplatz spielfreudig"},"content":{"rendered":"<div class=\"wpb-content-wrapper\"><p>[vc_row][vc_column][vc_column_text]<em>Bild: Die U13 feiert einen ungef\u00e4hrdeten 4:1-Erfolg.<br \/>\n<\/em>[\/vc_column_text][vc_empty_space height=&#8220;10px&#8220;][vc_custom_heading text=&#8220;U13 auf Allwetterplatz spielfreudig&#8220;][vc_column_text]<\/p>\n<div>\n<p>Bei sonnigem Herbstwetter empfingen wir auf dem Allwetterplatz den Tabellenf\u00fchrer SV Burgkirchen. Nach zwei bitteren, aber lehrreichen Unentschieden war die Mannschaft hochmotiviert, eine deutliche Reaktion zu zeigen. Trainer Max Hofst\u00e4tter konnte dabei wieder auf den gesamten Kader zur\u00fcckgreifen.<\/p>\n<\/div>\n<div>\n<p>Von Beginn an \u00fcbernahmen wir die Kontrolle \u00fcber das Spiel. Mit vielen P\u00e4ssen in die Tiefe und in die Breite setzten wir den Gegner fr\u00fch unter Druck. Unsere Abwehr agierte sicher und lie\u00df kaum etwas zu.<\/p>\n<\/div>\n<div>\n<p>Bereits in der 6. Minute belohnten wir uns nach einem schnellen Vorsto\u00df \u00fcber Vitus, Pauls rechte Seite und schlie\u00dflich in die Spitze konnte Fabian den Ball \u00fcber den herauskommenden Keeper hinweg zur fr\u00fchen, absolut verdienten F\u00fchrung einschieben.<\/p>\n<\/div>\n<div>\n<p>Ein herber D\u00e4mpfer f\u00fcr den Spitzenreiter \u2013 und wir legten nach. Wir gewannen viele zweite B\u00e4lle, spielten pr\u00e4zise in die R\u00e4ume und stellten den Gegner damit immer wieder vor gro\u00dfe Probleme. Folgerichtig fiel in der 18. Minute das 2:0: Kapit\u00e4n Felix fasste sich aus rund 22 Metern ein Herz und nagelte den Ball spektakul\u00e4r in den Winkel \u2013 ein absolutes Traumtor.<\/p>\n<\/div>\n<div>\n<p>Nur vier Minuten sp\u00e4ter ging es wieder zu schnell f\u00fcr die G\u00e4ste. Nach einem schnell vorgetragenen Angriff erzielte Fabian seinen zweiten Treffer des Tages und stellte auf 3:0 (22.).<\/p>\n<\/div>\n<div>\n<p>Nach der Pause und mehreren Wechseln ging etwas Spielfluss verloren, dennoch erspielten wir uns weiterhin zahlreiche gute Chancen. Fabian eroberte den Ball, schob jedoch knapp vorbei (34.). Aras scheiterte im Eins-gegen-Eins am Keeper (36.) und Sebastian verpasste eine scharfe Hereingabe nur um Zentimeter (38.).<\/p>\n<\/div>\n<div>\n<p>In der 40. Minute machte es Paul schlie\u00dflich besser: Mit einem entschlossenen Abschluss belohnte er seine starke Form und erh\u00f6hte auf 4:0.<\/p>\n<\/div>\n<div>\n<p>Das Spiel war damit entschieden. Der Gegner kam lediglich nach einer Ecke noch zum Ehrentreffer (50.).<\/p>\n<\/div>\n<p>[\/vc_column_text][vc_column_text]<em>Foto &amp; Text: \u00a9 TSV Buchbach<\/em>[\/vc_column_text][\/vc_column][\/vc_row]<\/p>\n<\/div>","protected":false},"excerpt":{"rendered":"<p>[vc_row][vc_column][vc_column_text]Bild: Die U13 feiert einen ungef\u00e4hrdeten 4:1-Erfolg. [\/vc_column_text][vc_empty_space height=&#8220;10px&#8220;][vc_custom_heading text=&#8220;U13 auf Allwetterplatz spielfreudig&#8220;][vc_column_text] Bei sonnigem Herbstwetter empfingen wir auf dem Allwetterplatz den Tabellenf\u00fchrer SV Burgkirchen. Nach zwei bitteren, aber lehrreichen&#8230;<\/p>\n","protected":false},"author":11,"featured_media":11218,"comment_status":"closed","ping_status":"open","sticky":false,"template":"","format":"standard","meta":{"footnotes":""},"categories":[64],"tags":[],"class_list":["post-11217","post","type-post","status-publish","format-standard","has-post-thumbnail","hentry","category-jugend"],"_links":{"self":[{"href":"https:\/\/www.tsv-buchbach.de\/fussball\/wp-json\/wp\/v2\/posts\/11217","targetHints":{"allow":["GET"]}}],"collection":[{"href":"https:\/\/www.tsv-buchbach.de\/fussball\/wp-json\/wp\/v2\/posts"}],"about":[{"href":"https:\/\/www.tsv-buchbach.de\/fussball\/wp-json\/wp\/v2\/types\/post"}],"author":[{"embeddable":true,"href":"https:\/\/www.tsv-buchbach.de\/fussball\/wp-json\/wp\/v2\/users\/11"}],"replies":[{"embeddable":true,"href":"https:\/\/www.tsv-buchbach.de\/fussball\/wp-json\/wp\/v2\/comments?post=11217"}],"version-history":[{"count":1,"href":"https:\/\/www.tsv-buchbach.de\/fussball\/wp-json\/wp\/v2\/posts\/11217\/revisions"}],"predecessor-version":[{"id":11219,"href":"https:\/\/www.tsv-buchbach.de\/fussball\/wp-json\/wp\/v2\/posts\/11217\/revisions\/11219"}],"wp:featuredmedia":[{"embeddable":true,"href":"https:\/\/www.tsv-buchbach.de\/fussball\/wp-json\/wp\/v2\/media\/11218"}],"wp:attachment":[{"href":"https:\/\/www.tsv-buchbach.de\/fussball\/wp-json\/wp\/v2\/media?parent=11217"}],"wp:term":[{"taxonomy":"category","embeddable":true,"href":"https:\/\/www.tsv-buchbach.de\/fussball\/wp-json\/wp\/v2\/categories?post=11217"},{"taxonomy":"post_tag","embeddable":true,"href":"https:\/\/www.tsv-buchbach.de\/fussball\/wp-json\/wp\/v2\/tags?post=11217"}],"curies":[{"name":"wp","href":"https:\/\/api.w.org\/{rel}","templated":true}]}}