{"id":11354,"date":"2026-02-26T15:29:53","date_gmt":"2026-02-26T14:29:53","guid":{"rendered":"https:\/\/www.tsv-buchbach.de\/fussball\/?p=11354"},"modified":"2026-02-28T06:14:11","modified_gmt":"2026-02-28T05:14:11","slug":"vorschau-doppelte-freude-bei-unterberger","status":"publish","type":"post","link":"https:\/\/www.tsv-buchbach.de\/fussball\/vorschau-doppelte-freude-bei-unterberger\/","title":{"rendered":"Vorschau &#8211; Doppelte Freude bei Unterberger"},"content":{"rendered":"<div class=\"wpb-content-wrapper\"><p>[vc_row][vc_column][vc_column_text]<em>Bild: F\u00fcr die Buchbacher geht es am Freitag um 19 Uhr mit dem Heimspiel gegen die SpVgg Greuther F\u00fcrth II wieder los.<br \/>\n<\/em>[\/vc_column_text][vc_empty_space height=&#8220;10px&#8220;][vc_custom_heading text=&#8220;Doppelte Freude bei Unterberger&#8220;][vc_column_text]<\/p>\n<p style=\"font-weight: 400;\"><strong>Vizemeister startet Freitagabend um 19 Uhr gegen Greuther F\u00fcrth II in die Fr\u00fchjahrsrunde<\/strong><\/p>\n<p style=\"font-weight: 400;\">Premiere f\u00fcr den neuen Trainer Marc Unterberger beim Fu\u00dfball-Regionalligisten TSV Buchbach am Freitag: Angesichts des milden Fr\u00fchlingswetters stehen die Zeichen gut, dass der Punktspielstart der Rot-Wei\u00dfen am Freitagabend um 19 Uhr gegen die SpVgg Greuther F\u00fcrth II stattfinden kann.<\/p>\n<p style=\"font-weight: 400;\"><strong>\u201eF\u00fcr mich ist das eine doppelte Freude: Zum einen freue ich mich zusammen mit der Mannschaft und dem ganzen Trainerteam, dass es endlich wieder um Punkte geht, zum anderen ist es f\u00fcr schon ein ganz besonderer Moment, wenn ich nach 14 Monaten, in denen ich Fu\u00dfball entweder als Zuschauer oder im Fernsehen erlebt habe, wieder in Verantwortung an der Seitenlinie stehen kann\u201c<\/strong>, fiebert Unterberger seinem Deb\u00fct beim aktuellen Vizemeister entgegen.<\/p>\n<p style=\"font-weight: 400;\">Trotz der sehr durchwachsenen Vorbereitung mit vielen Gegentoren und einigen Niederlagen sieht der neue Coach dem Re-Start optimistisch entgegen: <strong>\u201eDie Mannschaft hat mir versichert, dass ich mir keine Sorgen machen muss und gesagt, dass sie am Start sein wird, wenn es wieder um Punkte geht.\u201c<\/strong> Mit 27 Punkten haben die Buchbacher auf Rang zehn \u00fcberwintert, haben bei zw\u00f6lf Z\u00e4hlern Vorsprung auf die Relegationsr\u00e4nge ein ordentliches Polster, d\u00fcrfen sich aber keineswegs ausruhen \u2013 daf\u00fcr ist die Liga zu ausgeglichen und gerade Profireserven wie die SpVgg Greuther F\u00fcrth II und der FC Augsburg II, die aktuell im Tabellenkeller stehen, k\u00f6nnen im Bedarfsfall immer eine Schippe drauflegen.<\/p>\n<p style=\"font-weight: 400;\"><strong>\u201eWir haben nat\u00fcrlich die letzten Spiele der F\u00fcrther auf Video analysiert, aber ich denke, dass wir gut daran t\u00e4ten, wenn wir den Gegner so nehmen, wie er kommt. Vielmehr m\u00fcssen wir uns auf unsere eigene Leistung konzentrieren\u201c<\/strong>, sieht Unterberger der Partie mit gemischten Gef\u00fchlen entgegen, zumal das Team von Trainer Roberto Hilbert im bisherigen Saisonverlauf auch einige Male unter Wert geschlagen wurde. Man kann aber davon ausgehen, dass sich die vielen jungen Talente um Leader Daniel Adlung \u00fcber die Winterpause weiterentwickelt und einige Jugendfehler abgelegt haben.<\/p>\n<p style=\"font-weight: 400;\">Bei den Gastgebern kann Unterberger fast auf den kompletten Kader zur\u00fcckgreifen, lediglich Kreuzband-Patient Tobias Sztaf steht definitiv nicht zur Verf\u00fcgung und auch f\u00fcr Daniel Muteba (Probleme mit dem Sprunggelenk) d\u00fcrfte die Partie zu fr\u00fch kommen. Der leicht kr\u00e4nkelnde Manuel Mattera wird wohl ebenfalls noch geschont. <strong>\u201eIch habe meine Aufstellung im Kopf, wenn nicht in letzter Sekunde noch etwas dazwischenkommt, steht die Startelf. Alle sind vorbereitet, ich habe jeden in seiner Rolle, auf die er sich einstellen muss, abgeholt\u201c<\/strong>, so Unterberger, der sich freut, dass der lange verletzte Benedikt Orth wieder eine vollwertige Alternative ist. Gut m\u00f6glich, dass auch die beiden Winterzug\u00e4nge Philipp Zimmerer und Jonas Wieselsberger gleich auflaufen werden.<\/p>\n<p style=\"font-weight: 400;\">Was die Partie f\u00fcr Unterberger neben seinem Punktspiel-Deb\u00fct als Coach der Rot-Wei\u00dfen noch so besonders macht: <strong>\u201eFlutlichtspiele am Freitagabend in Buchbach sind immer eine besondere Sache. Das durfte ich bisher nur als Zuschauer erleben. Jetzt bin ich mitten drin.\u201c<\/strong><\/p>\n<p>[\/vc_column_text][vc_column_text]<em>Foto &amp; Text: \u00a9 mb.presse, weitere Ver\u00f6ffentlichungen nur mit Zustimmung des Autors<\/em>[\/vc_column_text][vc_column_text]<span style=\"color: #0000ff;\"><a style=\"color: #0000ff;\" href=\"https:\/\/www.tsv-buchbach.de\/fussball\/onlinetickets\/\" target=\"_blank\" rel=\"noopener\"><strong>&gt;&gt;Tickets jetzt im Onlineshop sichern<\/strong><\/a><\/span>[\/vc_column_text][\/vc_column][\/vc_row]<\/p>\n<\/div>","protected":false},"excerpt":{"rendered":"<p>[vc_row][vc_column][vc_column_text]Bild: F\u00fcr die Buchbacher geht es am Freitag um 19 Uhr mit dem Heimspiel gegen die SpVgg Greuther F\u00fcrth II wieder los. [\/vc_column_text][vc_empty_space height=&#8220;10px&#8220;][vc_custom_heading text=&#8220;Doppelte Freude bei Unterberger&#8220;][vc_column_text] Vizemeister startet&#8230;<\/p>\n","protected":false},"author":11,"featured_media":11355,"comment_status":"closed","ping_status":"open","sticky":false,"template":"","format":"standard","meta":{"footnotes":""},"categories":[1],"tags":[],"class_list":["post-11354","post","type-post","status-publish","format-standard","has-post-thumbnail","hentry","category-mannschaft-1"],"_links":{"self":[{"href":"https:\/\/www.tsv-buchbach.de\/fussball\/wp-json\/wp\/v2\/posts\/11354","targetHints":{"allow":["GET"]}}],"collection":[{"href":"https:\/\/www.tsv-buchbach.de\/fussball\/wp-json\/wp\/v2\/posts"}],"about":[{"href":"https:\/\/www.tsv-buchbach.de\/fussball\/wp-json\/wp\/v2\/types\/post"}],"author":[{"embeddable":true,"href":"https:\/\/www.tsv-buchbach.de\/fussball\/wp-json\/wp\/v2\/users\/11"}],"replies":[{"embeddable":true,"href":"https:\/\/www.tsv-buchbach.de\/fussball\/wp-json\/wp\/v2\/comments?post=11354"}],"version-history":[{"count":2,"href":"https:\/\/www.tsv-buchbach.de\/fussball\/wp-json\/wp\/v2\/posts\/11354\/revisions"}],"predecessor-version":[{"id":11357,"href":"https:\/\/www.tsv-buchbach.de\/fussball\/wp-json\/wp\/v2\/posts\/11354\/revisions\/11357"}],"wp:featuredmedia":[{"embeddable":true,"href":"https:\/\/www.tsv-buchbach.de\/fussball\/wp-json\/wp\/v2\/media\/11355"}],"wp:attachment":[{"href":"https:\/\/www.tsv-buchbach.de\/fussball\/wp-json\/wp\/v2\/media?parent=11354"}],"wp:term":[{"taxonomy":"category","embeddable":true,"href":"https:\/\/www.tsv-buchbach.de\/fussball\/wp-json\/wp\/v2\/categories?post=11354"},{"taxonomy":"post_tag","embeddable":true,"href":"https:\/\/www.tsv-buchbach.de\/fussball\/wp-json\/wp\/v2\/tags?post=11354"}],"curies":[{"name":"wp","href":"https:\/\/api.w.org\/{rel}","templated":true}]}}