{"id":11358,"date":"2026-02-28T06:28:45","date_gmt":"2026-02-28T05:28:45","guid":{"rendered":"https:\/\/www.tsv-buchbach.de\/fussball\/?p=11358"},"modified":"2026-03-01T18:02:53","modified_gmt":"2026-03-01T17:02:53","slug":"kein-sieger-zum-fruehjahrsstart","status":"publish","type":"post","link":"https:\/\/www.tsv-buchbach.de\/fussball\/kein-sieger-zum-fruehjahrsstart\/","title":{"rendered":"Kein Sieger zum Fr\u00fchjahrsstart"},"content":{"rendered":"<div class=\"wpb-content-wrapper\"><p>[vc_row][vc_column][vc_column_text]<em>Bild: Rocco Tavra setzt sich im Luftduell gegen Adem Imeri durch.<br \/>\n<\/em>[\/vc_column_text][vc_empty_space height=&#8220;10px&#8220;][vc_custom_heading text=&#8220;Kein Sieger zum Fr\u00fchjahrsstart&#8220;][vc_video link=&#8220;https:\/\/youtu.be\/wv_70LO0SKc&#8220; align=&#8220;center&#8220;][vc_column_text]<strong>Torloses Unentschieden der besseren Sorte<\/strong><\/p>\n<p style=\"font-weight: 400;\">Es war wahrlich kein Schmankerl, aber es war auch beileibe keine fade Nullnummer \u2013 beim Wiederauftakt der Fu\u00dfball-Regionalliga Bayern sahen 549 Zuschauer am Freitagabend zwei bem\u00fchte Mannschaften, die mit hoher Intensit\u00e4t den Gegner bek\u00e4mpften: Am Ende teilten sich der TSV Buchbach und die SpVgg Greuther F\u00fcrth II in der SMR-Arena torlos die Punkte.<\/p>\n<p style=\"font-weight: 400;\"><strong>\u201eUnterm Strich ein 0:0 der besseren Sorte, ich glaube, dass die Zuschauer absolut auf ihre Kosten gekommen sind. Beide Mannschaften hatten eine Vielzahl an Torchancen\u201c<\/strong>, bilanzierte Buchbachs neuer Trainer Marc Unterberger die Ereignisse bei seinem Punktspieleinstand, den man aus Sicht der Rot-Wei\u00dfen schon deswegen als gelungen ansehen kann, weil die Kernvorgabe erf\u00fcllt wurde. <strong>\u201eNach den vielen Gegentoren in der Vorbereitung war es uns extrem wichtig, dass hinten die Null steht\u201c<\/strong>, zeigte sich Unterberger \u00fcber die leidenschaftliche Abwehrarbeit seiner Mannschaft erleichtert.<\/p>\n<p style=\"font-weight: 400;\">Nach der dreimonatigen Winterpause erwischte das kleine Kleeblatt auf dem schwammigen Boden den etwas besseren Start, doch der amtierende Vizemeister sortierte sich trotz einiger Umstellungen relativ z\u00fcgig: So ersetzte Benedikt Orth nach langer Verletzungspause den nach Regensburg abgewanderten Sascha Hingerl auf der Sechs, R\u00fcckkehrer Jonas Wieselsberger besetzte die f\u00fcr ihn eher ungewohnte Position des linken Au\u00dfenverteidigers und Mittelst\u00fcrmer Sammy Ammari bot Unterberger neben Albano Gashi auf der Acht auf.<\/p>\n<p style=\"font-weight: 400;\"><strong>\u201eIn der ersten Halbzeit hatten wir die klareren Chancen, bei denen wir auch in F\u00fchrung gehen d\u00fcrfen\u201c<\/strong>, bewertete Unterberger die M\u00f6glichkeiten bei einem gef\u00e4hrlichen Distanzschuss von Gashi und zwei Kopfb\u00e4llen von Ammari und Andreas Hirtlreiter, den Keeper Simon Hoffmann ebenso entsch\u00e4rfte wie den Gashi-Versuch. Den Kopfball von Ammari kratzte dagegen Kapit\u00e4n Daniel Adlung noch von der Linie. Auf der anderen Seite traf Profi-Leihgabe Juan Cabrera in der Nachspielzeit der ersten H\u00e4lfte per Kopf nur den Pfosten.<\/p>\n<p style=\"font-weight: 400;\">Nach Wiederbeginn pr\u00e4sentierten sich die mit vier Mann aus dem Profikader verst\u00e4rkten G\u00e4ste handlungsschneller und spritziger \u2013 da musste die Buchbacher Abwehr ordentlich malochen und Keeper Ludwig Zech die eine oder andere Glanzparade auspacken: Wie etwa in der 53. Minute gegen Marlon Fries oder gegen Cabrera (60.). Danach sammelten sich die Rot-Wei\u00dfen aber wieder und h\u00e4tten nun ihrerseits den entscheidenden Treffer erzielen k\u00f6nnen. Den sch\u00f6nen Schuss von Ammari konnte Christoph Meister gerade noch vor dem Einschlag abwehren (61.) und Tobias Sto\u00dfberger setzte seinen Kopfballversuch zu hoch an (63.).<\/p>\n<p style=\"font-weight: 400;\">Letztlich wohl ein gerechtes Remis, dass in den letzten 20 Minuten bei weiter nachlassenden Platzverh\u00e4ltnissen kaum noch konstruktive Aktionen heraussprangen, verwundert wenig. Und so war auch F\u00fcrths Coach Roberto Hilbert mit dem Remis zufrieden: <strong>\u201eWir nehmen den Punkt mit, besonders freut mich die Entwicklung meiner jungen Spieler. In der Vorrunde h\u00e4tten wir so ein Spiel wahrscheinlich sogar verloren.\u201c<\/strong><\/p>\n<p style=\"font-weight: 400;\">Der TSV Buchbach, der neben dem angeschlagenen Daniel Muteba auch auf den gesperrten Kapit\u00e4n Philipp Walter verzichten musste, hat den Abstand nach hinten gewahrt und kann jedenfalls auf der Leistung aufbauen. N\u00e4chsten Samstag geht es dann um 14 Uhr zum Tabellensechzehnten TSV Schwaben Augsburg, da sollen dann weitere Punkte aufs Konto wandern.<\/p>\n<p style=\"font-weight: 400;\"><strong>TSV Buchbach:<\/strong> Zech \u2013 Bahar, Hingerl, Tavra, Wieselsberger \u2013 Orth \u2013 Hirtlreiter (73. Mehring), Gashi (90. + 3 Zimmerer), Ammari (73. Ivelj) \u2013 Sto\u00dfberger. Trainer: Unterberger.<\/p>\n<p style=\"font-weight: 400;\"><strong>SpVgg Greuther F\u00fcrth II:<\/strong> Hoffmann \u2013 Fries, Meister, Scholz, K\u00f6nig, Krautkr\u00e4mer \u2013 Consbruch (71. Fazija), Adlung (81. Torres Farias), Cabrera \u2013 Imeri (88. Meyer), Hack (78. Okpalaike). Trainer: Hilbert.<\/p>\n<p style=\"font-weight: 400;\"><strong>Tore:<\/strong> Fehlanzeige<\/p>\n<p style=\"font-weight: 400;\"><strong>Schiedsrichter:<\/strong> Nouhoum (SC Oberweikertshofen)<\/p>\n<p style=\"font-weight: 400;\"><strong>Zuschauer:<\/strong> 549<\/p>\n<p style=\"font-weight: 400;\"><strong>Gelb:<\/strong> Gashi, Hingerl, Mehring \u2013 Scholz, Imeri, Fazija<\/p>\n<p>[\/vc_column_text][vc_column_text]<em>Foto &amp; Text: \u00a9 mb.presse, weitere Ver\u00f6ffentlichungen nur mit Zustimmung des Autors<\/em>[\/vc_column_text][\/vc_column][\/vc_row][vc_row][vc_column][vc_video link=&#8220;https:\/\/youtu.be\/LBeZcG8uezE&#8220;][\/vc_column][\/vc_row]<\/p>\n<\/div>","protected":false},"excerpt":{"rendered":"<p>[vc_row][vc_column][vc_column_text]Bild: Rocco Tavra setzt sich im Luftduell gegen Adem Imeri durch. [\/vc_column_text][vc_empty_space height=&#8220;10px&#8220;][vc_custom_heading text=&#8220;Kein Sieger zum Fr\u00fchjahrsstart&#8220;][vc_video link=&#8220;https:\/\/youtu.be\/wv_70LO0SKc&#8220; align=&#8220;center&#8220;][vc_column_text]Torloses Unentschieden der besseren Sorte Es war wahrlich kein Schmankerl, aber es&#8230;<\/p>\n","protected":false},"author":11,"featured_media":11361,"comment_status":"closed","ping_status":"open","sticky":false,"template":"","format":"standard","meta":{"footnotes":""},"categories":[1],"tags":[],"class_list":["post-11358","post","type-post","status-publish","format-standard","has-post-thumbnail","hentry","category-mannschaft-1"],"_links":{"self":[{"href":"https:\/\/www.tsv-buchbach.de\/fussball\/wp-json\/wp\/v2\/posts\/11358","targetHints":{"allow":["GET"]}}],"collection":[{"href":"https:\/\/www.tsv-buchbach.de\/fussball\/wp-json\/wp\/v2\/posts"}],"about":[{"href":"https:\/\/www.tsv-buchbach.de\/fussball\/wp-json\/wp\/v2\/types\/post"}],"author":[{"embeddable":true,"href":"https:\/\/www.tsv-buchbach.de\/fussball\/wp-json\/wp\/v2\/users\/11"}],"replies":[{"embeddable":true,"href":"https:\/\/www.tsv-buchbach.de\/fussball\/wp-json\/wp\/v2\/comments?post=11358"}],"version-history":[{"count":5,"href":"https:\/\/www.tsv-buchbach.de\/fussball\/wp-json\/wp\/v2\/posts\/11358\/revisions"}],"predecessor-version":[{"id":11375,"href":"https:\/\/www.tsv-buchbach.de\/fussball\/wp-json\/wp\/v2\/posts\/11358\/revisions\/11375"}],"wp:featuredmedia":[{"embeddable":true,"href":"https:\/\/www.tsv-buchbach.de\/fussball\/wp-json\/wp\/v2\/media\/11361"}],"wp:attachment":[{"href":"https:\/\/www.tsv-buchbach.de\/fussball\/wp-json\/wp\/v2\/media?parent=11358"}],"wp:term":[{"taxonomy":"category","embeddable":true,"href":"https:\/\/www.tsv-buchbach.de\/fussball\/wp-json\/wp\/v2\/categories?post=11358"},{"taxonomy":"post_tag","embeddable":true,"href":"https:\/\/www.tsv-buchbach.de\/fussball\/wp-json\/wp\/v2\/tags?post=11358"}],"curies":[{"name":"wp","href":"https:\/\/api.w.org\/{rel}","templated":true}]}}