{"id":11457,"date":"2026-03-20T00:22:38","date_gmt":"2026-03-19T23:22:38","guid":{"rendered":"https:\/\/www.tsv-buchbach.de\/fussball\/?p=11457"},"modified":"2026-03-20T00:22:38","modified_gmt":"2026-03-19T23:22:38","slug":"vorschau-brisantes-derby-im-niemandsland","status":"publish","type":"post","link":"https:\/\/www.tsv-buchbach.de\/fussball\/vorschau-brisantes-derby-im-niemandsland\/","title":{"rendered":"Vorschau &#8211; Brisantes Derby im Niemandsland"},"content":{"rendered":"<div class=\"wpb-content-wrapper\"><p>[vc_row][vc_column][vc_column_text]<em>Bild: Szene aus dem Hinspiel: Buchbachs Samed Bahar gegen Felix Bachschmid.<br \/>\n<\/em>[\/vc_column_text][vc_empty_space height=&#8220;10px&#8220;][vc_custom_heading text=&#8220;Brisantes Derby im Niemandsland&#8220;][vc_column_text]<\/p>\n<p style=\"font-weight: 400;\"><strong>Regionalliga-Kracher Wacker Burghausen heute um 19 Uhr gegen den TSV Buchbach<\/strong><\/p>\n<p style=\"font-weight: 400;\">Derby-Kracher am 24. Spieltag der Fu\u00dfball-Regionalliga Bayern: Der SV Wacker Burghausen erwartet am heutigen Freitag um 19 Uhr den Rivalen vom TSV Buchbach, der nur einen Punkt hinter den Salzachst\u00e4dtern rangiert. Spannung pur also, w\u00e4re da nicht die Tabellensituation, die aus dem Prestige-Duell eine Partie im Niemandsland macht.<\/p>\n<p style=\"font-weight: 400;\">Nach oben geht wohl f\u00fcr die Gastgeber nichts mehr, die Buchbacher wiederum haben ohnehin kleinere Ambitionen und wollen mit drei Punkten den n\u00e4chsten Schritt machen, um fr\u00fchzeitig den Klassenerhalt abzusichern. Insofern ist es eigentlich fast ausschlie\u00dflich der stets am\u00fcsante Lokalkolorit, der die Brisanz im 27. Regionalliga-Duell zwischen beiden Vereinen ausmacht. Die Schwarz-Wei\u00dfen hoffen dabei neben einer Reaktion auf das schwache Abschneiden beim 1:3 in Illertissen auf einen Mutmacher f\u00fcr das Pokal-Highlight am Dienstag bei den W\u00fcrzburger Kickers, wenn es um den Einzug ins Toto-Pokal-Finale geht, mit dem man die Saison noch retten k\u00f6nnte.<\/p>\n<p style=\"font-weight: 400;\"><strong>\u201eMit dem Heimspiel gegen Buchbach starten wir in knackige Wochen mit vielen Spielen. Hier wollen wir nat\u00fcrlich mit einem positiven Ergebnis reinfinden und Schwung aufnehmen. In dieser Phase sind jetzt vor allem Geschlossenheit, \u00dcberzeugung und der Wille, immer wieder an die Leistungsgrenze heranzukommen, die gefragten und wichtigen Tugenden\u201c<\/strong>, formuliert Burghausens Trainer Lars Bender, den Buchbachs Coach Marc Unterberger ja sehr gut kennt und deswegen davon ausgeht: <strong>\u201eWir treffen auf einen sehr gut eingestellten Gegner, der nicht umsonst Platz zwei in der Heimtabelle belegt. Wir haben einen gesunden Respekt vor einer sehr guten Burghauser Mannschaft, wollen aber trotzdem voll auf Sieg spielen. Wir fahren jedenfalls nicht nach Burghausen, um auf ein Unentschieden zu gehen. Auf jeden Fall freuen wir uns alle sehr auf das Spiel.\u201c<\/strong><\/p>\n<p style=\"font-weight: 400;\">Bei Wacker kehren die zuletzt gesperrten Felix Bachschmid und Moritz Bangerter zur\u00fcck, trotzdem beklagt Bender erneut einige Ausf\u00e4lle. Neben den Langzeitverletzten Marin Pudic, Elias Cr\u00f6\u00dfmann und Jordi Woudstra werden auch Pirmin Lindner (Sprunggelenksverletzung), Timoth\u00e9e Diowo (B\u00e4nderverletzung am Sprunggelenk), Lukas Walchh\u00fctter (Knieverletzung), Kapit\u00e4n Christoph Schulz (muskul\u00e4re Probleme im linken Oberschenkel) und Amadou Soumare (Sprunggelenksverletzung) verletzungsbedingt ausfallen.<\/p>\n<p style=\"font-weight: 400;\">Bei den Rot-Wei\u00dfen fehlt weiterhin Daniel Muteba wegen einer Sprunggelenksverletzung. <strong>\u201eDas sieht nicht gut aus, das k\u00f6nnte noch l\u00e4nger dauern, wenn es nicht sogar das Saisonaus bedeutet. Aber das ist nat\u00fcrlich auch immer die Chance f\u00fcr andere Spieler, um sich zeigen zu k\u00f6nnen\u201c<\/strong>, kommentiert Unterberger, der auch auf Ersatzkeeper Marcel Brinkmann verzichten muss, der sich letzte Woche im Training zwei Finger gebrochen hat. F\u00fcr ihn wird Marvin Thormann als m\u00f6glicher Vertreter von Stammkeeper Ludwig Zech auf der Bank Platz nehmen, da Florian Rauh vor einigen Wochen seinen Vertrag aufgel\u00f6st hat.<\/p>\n<p style=\"font-weight: 400;\">Ein Blick auf die Statistik: Der Direktvergleich zwischen den Hausherren und den Buchbachern spricht f\u00fcr Wacker. Seit der Saison 2012\/13 kam es zu insgesamt 26 Duellen, von denen der SVW 13 Partien f\u00fcr sich entscheiden konnte. F\u00fcnf Begegnungen endeten unentschieden und achtmal gingen die Rot-Wei\u00dfen als Sieger vom Platz. Die Hinrunden-Partie in Buchbach konnte der amtierende Vizemeister Anfang September 2025 nach Treffern von Tobi Sto\u00dfberger (2) und Albano Gashi bei einem Gegentor von Tom Sanne mit 3:1 f\u00fcr sich entscheiden. Das letzte Aufeinandertreffen in Burghausen endete am 14. M\u00e4rz 2025 mit einem 2:2-Unentschieden.<\/p>\n<p style=\"font-weight: 400;\">Gemeinsam mit der Brauerei Sch\u00f6nram \u2013 offizieller Getr\u00e4nkelieferant und Partner der Salzachst\u00e4dter \u2013 l\u00e4uft bereits eine gro\u00dfz\u00fcgig angelegte Freikartenaktion f\u00fcr die Partie am heutigen Freitag. Bei jedem gekauftem Tragerl Sch\u00f6nramer Hell &amp; Alkoholfrei gibt es \u2013 solange der Vorrat reicht \u2013 eine Freikarte f\u00fcr das Derby.<\/p>\n<p>[\/vc_column_text][vc_column_text]<em>Foto &amp; Text: \u00a9 mb.presse, weitere Ver\u00f6ffentlichungen nur mit Zustimmung des Autors<\/em>[\/vc_column_text][vc_column_text]<span style=\"color: #0000ff;\"><a style=\"color: #0000ff;\" href=\"https:\/\/www.tsv-buchbach.de\/fussball\/onlinetickets\/\" target=\"_blank\" rel=\"noopener\"><strong>&gt;&gt;Tickets jetzt im Onlineshop sichern<\/strong><\/a><\/span>[\/vc_column_text][\/vc_column][\/vc_row]<\/p>\n<\/div>","protected":false},"excerpt":{"rendered":"<p>[vc_row][vc_column][vc_column_text]Bild: Szene aus dem Hinspiel: Buchbachs Samed Bahar gegen Felix Bachschmid. [\/vc_column_text][vc_empty_space height=&#8220;10px&#8220;][vc_custom_heading text=&#8220;Brisantes Derby im Niemandsland&#8220;][vc_column_text] Regionalliga-Kracher Wacker Burghausen heute um 19 Uhr gegen den TSV Buchbach Derby-Kracher am&#8230;<\/p>\n","protected":false},"author":11,"featured_media":11458,"comment_status":"closed","ping_status":"open","sticky":false,"template":"","format":"standard","meta":{"footnotes":""},"categories":[1],"tags":[],"class_list":["post-11457","post","type-post","status-publish","format-standard","has-post-thumbnail","hentry","category-mannschaft-1"],"_links":{"self":[{"href":"https:\/\/www.tsv-buchbach.de\/fussball\/wp-json\/wp\/v2\/posts\/11457","targetHints":{"allow":["GET"]}}],"collection":[{"href":"https:\/\/www.tsv-buchbach.de\/fussball\/wp-json\/wp\/v2\/posts"}],"about":[{"href":"https:\/\/www.tsv-buchbach.de\/fussball\/wp-json\/wp\/v2\/types\/post"}],"author":[{"embeddable":true,"href":"https:\/\/www.tsv-buchbach.de\/fussball\/wp-json\/wp\/v2\/users\/11"}],"replies":[{"embeddable":true,"href":"https:\/\/www.tsv-buchbach.de\/fussball\/wp-json\/wp\/v2\/comments?post=11457"}],"version-history":[{"count":1,"href":"https:\/\/www.tsv-buchbach.de\/fussball\/wp-json\/wp\/v2\/posts\/11457\/revisions"}],"predecessor-version":[{"id":11459,"href":"https:\/\/www.tsv-buchbach.de\/fussball\/wp-json\/wp\/v2\/posts\/11457\/revisions\/11459"}],"wp:featuredmedia":[{"embeddable":true,"href":"https:\/\/www.tsv-buchbach.de\/fussball\/wp-json\/wp\/v2\/media\/11458"}],"wp:attachment":[{"href":"https:\/\/www.tsv-buchbach.de\/fussball\/wp-json\/wp\/v2\/media?parent=11457"}],"wp:term":[{"taxonomy":"category","embeddable":true,"href":"https:\/\/www.tsv-buchbach.de\/fussball\/wp-json\/wp\/v2\/categories?post=11457"},{"taxonomy":"post_tag","embeddable":true,"href":"https:\/\/www.tsv-buchbach.de\/fussball\/wp-json\/wp\/v2\/tags?post=11457"}],"curies":[{"name":"wp","href":"https:\/\/api.w.org\/{rel}","templated":true}]}}