{"id":11592,"date":"2026-04-17T06:32:40","date_gmt":"2026-04-17T04:32:40","guid":{"rendered":"https:\/\/www.tsv-buchbach.de\/fussball\/?p=11592"},"modified":"2026-04-17T06:32:40","modified_gmt":"2026-04-17T04:32:40","slug":"vorschau-unterberger-wollen-noch-dreimal-party-machen","status":"publish","type":"post","link":"https:\/\/www.tsv-buchbach.de\/fussball\/vorschau-unterberger-wollen-noch-dreimal-party-machen\/","title":{"rendered":"Vorschau &#8211; Unterberger: Wollen noch dreimal Party machen"},"content":{"rendered":"<div class=\"wpb-content-wrapper\"><p>[vc_row][vc_column][vc_column_text]<em>Bild: Derzeit der Torgarant bei Buchbach: Trifft Samed Bahar auch gegen Illertissen.<br \/>\n<\/em>[\/vc_column_text][vc_empty_space height=&#8220;10px&#8220;][vc_custom_heading text=&#8220;Unterberger: Wollen noch dreimal Party machen&#8220;][vc_column_text]<\/p>\n<p style=\"font-weight: 400;\"><strong>Buchbach heute um 19 Uhr gegen Illertissen \u2013 Orth, Ammari und Wieselsberger fehlen<\/strong><\/p>\n<p style=\"font-weight: 400;\">Drittletztes Heimspiel der Saison f\u00fcr den TSV Buchbach: Die Rot-Wei\u00dfen erwarten am heutigen Freitag um 19 Uhr den FV Illertissen und wollen nach der 1:4-Niederlage in Aubstadt gleich wieder in die Erfolgsspur einbiegen, um in der Tabelle der Fu\u00dfball-Regionalliga Bayern m\u00f6glichst noch ein paar Pl\u00e4tze gutzumachen.<\/p>\n<p style=\"font-weight: 400;\"><strong>\u201eWir haben jetzt noch drei Heimspiele und wollen da dreimal Party machen. Auch schon in Hinblick auf die n\u00e4chste Saison, weil wir ja wissen, dass die Eindr\u00fccke bei den Fans h\u00e4ngenbleiben\u201c<\/strong>, sagt Trainer Marc Unterberger, kann aber nat\u00fcrlich nicht versprechen, dass es gegen die zweitbeste Offensive der Liga sicher mit dem n\u00e4chsten Heimdreier klappt: <strong>\u201eIllertissen hat in den letzten 20 Spielen nur ein einziges Mal verloren, steht absolut zurecht auf Platz vier. Das wird schon ein ganz hartes Brett.\u201c<\/strong><\/p>\n<p style=\"font-weight: 400;\">Personell hat sich die Lage bei den zuletzt gebeutelten Buchbachern nur minimal verbessert: Rocco Tavra kehrt nach abgeb\u00fc\u00dfter Gelbstrafe wieder zur\u00fcck, daf\u00fcr muss jetzt Bene Orth wegen der f\u00fcnften Gelben aussetzen. Zur\u00fcck nach \u00fcberstandener Grippe ist auch Kevin Hingerl, Andreas Hirtlreiter hat seine Muskelverletzung \u00fcberwunden und ist ebenso wieder eine Option wie Marinus Erber. Umgekehrt muss Unterberger aber neben den Langzeitverletzten und Tobias Heiland auch auf Joe Wieselsberger und Sammy Ammari verzichten: Wie lange Wieselsberger wegen seiner Muskelverletzung ausf\u00e4llt, ist noch nicht klar, bei Ammari verhindert ein beruflicher Termin den Einsatz. Insgesamt bleibt der Kader also recht \u00fcberschaubar, aber immerhin sollten gegen Illertissen wenigstens wieder vier Feldspieler auf der Bank Platz nehmen k\u00f6nnen.<\/p>\n<p style=\"font-weight: 400;\">Bei der Analyse der Niederlage in Aubstadt ist Unterberger aufgefallen, dass es viele Situationen gab, die seine Mannschaft nicht gut gel\u00f6st hat: <strong>\u201eWir haben uns das schon ganz anders vorgestellt, aber tats\u00e4chlich lag es oft an uns, warum es nicht gelaufen ist. Da waren wir in einigen Situationen einfach schlampig, das m\u00fcssen wir gegen Illertissen besser machen.\u201c<\/strong><\/p>\n<p style=\"font-weight: 400;\">Der Coach will von seiner Mannschaft \u201ewuchtige Zweik\u00e4mpfe\u201c sehen und hofft auf eine stabile Defensive: <strong>\u201eWir wollen wieder gallig auftreten und die Atmosph\u00e4re aufsaugen. Unsere Fans sind bei den Heimspielen nat\u00fcrlich ein Pluspunkt.\u201c<\/strong><\/p>\n<p style=\"font-weight: 400;\">Beim Hinspiel Anfang Oktober mussten die Buchbacher eine 1:4-Niederlage quittieren, Heiland sorgte damals zwar kurz vor der Pause f\u00fcr den Ausgleich, doch Illertissen konnte gleich nach dem Seitenwechsel den zweiten Treffer nachlegen, von dem sich die Rot-Wei\u00dfen dann nicht mehr richtig erholt haben. Grunds\u00e4tzlich ist die Bilanz zwischen beiden Mannschaften relativ ausgeglichen: In bislang 27 Duellen gab es zehn Buchbacher Siege, neunmal war Illertissen erfolgreich, acht Vergleiche endeten mit einem Remis.<\/p>\n<p style=\"font-weight: 400;\">Die Partie heute ist \u00fcbrigens der Start in eine Englische Woche: Am Dienstag geht es f\u00fcr die Buchbacher nach Vilzing, das n\u00e4chste Heimspiel steigt bereits am Freitag, 24. April um 19 Uhr gegen den FC Augsburg II.<\/p>\n<p>[\/vc_column_text][vc_column_text]<em>Foto &amp; Text: \u00a9 mb.presse, weitere Ver\u00f6ffentlichungen nur mit Zustimmung des Autors<\/em>[\/vc_column_text][vc_column_text]<span style=\"color: #0000ff;\"><a style=\"color: #0000ff;\" href=\"https:\/\/www.tsv-buchbach.de\/fussball\/onlinetickets\/\" target=\"_blank\" rel=\"noopener\"><strong>&gt;&gt;Tickets jetzt im Onlineshop sichern<\/strong><\/a><\/span>[\/vc_column_text][\/vc_column][\/vc_row]<\/p>\n<\/div>","protected":false},"excerpt":{"rendered":"<p>[vc_row][vc_column][vc_column_text]Bild: Derzeit der Torgarant bei Buchbach: Trifft Samed Bahar auch gegen Illertissen. [\/vc_column_text][vc_empty_space height=&#8220;10px&#8220;][vc_custom_heading text=&#8220;Unterberger: Wollen noch dreimal Party machen&#8220;][vc_column_text] Buchbach heute um 19 Uhr gegen Illertissen \u2013 Orth, Ammari&#8230;<\/p>\n","protected":false},"author":11,"featured_media":11593,"comment_status":"closed","ping_status":"open","sticky":false,"template":"","format":"standard","meta":{"footnotes":""},"categories":[1],"tags":[],"class_list":["post-11592","post","type-post","status-publish","format-standard","has-post-thumbnail","hentry","category-mannschaft-1"],"_links":{"self":[{"href":"https:\/\/www.tsv-buchbach.de\/fussball\/wp-json\/wp\/v2\/posts\/11592","targetHints":{"allow":["GET"]}}],"collection":[{"href":"https:\/\/www.tsv-buchbach.de\/fussball\/wp-json\/wp\/v2\/posts"}],"about":[{"href":"https:\/\/www.tsv-buchbach.de\/fussball\/wp-json\/wp\/v2\/types\/post"}],"author":[{"embeddable":true,"href":"https:\/\/www.tsv-buchbach.de\/fussball\/wp-json\/wp\/v2\/users\/11"}],"replies":[{"embeddable":true,"href":"https:\/\/www.tsv-buchbach.de\/fussball\/wp-json\/wp\/v2\/comments?post=11592"}],"version-history":[{"count":1,"href":"https:\/\/www.tsv-buchbach.de\/fussball\/wp-json\/wp\/v2\/posts\/11592\/revisions"}],"predecessor-version":[{"id":11594,"href":"https:\/\/www.tsv-buchbach.de\/fussball\/wp-json\/wp\/v2\/posts\/11592\/revisions\/11594"}],"wp:featuredmedia":[{"embeddable":true,"href":"https:\/\/www.tsv-buchbach.de\/fussball\/wp-json\/wp\/v2\/media\/11593"}],"wp:attachment":[{"href":"https:\/\/www.tsv-buchbach.de\/fussball\/wp-json\/wp\/v2\/media?parent=11592"}],"wp:term":[{"taxonomy":"category","embeddable":true,"href":"https:\/\/www.tsv-buchbach.de\/fussball\/wp-json\/wp\/v2\/categories?post=11592"},{"taxonomy":"post_tag","embeddable":true,"href":"https:\/\/www.tsv-buchbach.de\/fussball\/wp-json\/wp\/v2\/tags?post=11592"}],"curies":[{"name":"wp","href":"https:\/\/api.w.org\/{rel}","templated":true}]}}