{"id":2225,"date":"2020-02-09T21:04:00","date_gmt":"2020-02-09T20:04:00","guid":{"rendered":"https:\/\/www.tsv-buchbach.de\/fussball\/?p=2225"},"modified":"2020-03-05T21:09:13","modified_gmt":"2020-03-05T20:09:13","slug":"zwei-testsiege-fuer-den-tsv-buchbach","status":"publish","type":"post","link":"https:\/\/www.tsv-buchbach.de\/fussball\/zwei-testsiege-fuer-den-tsv-buchbach\/","title":{"rendered":"Zwei Testsiege f\u00fcr den TSV Buchbach"},"content":{"rendered":"\n<p>Der TSV Buchbach hat seine beiden Testspiele am Wochenende\nf\u00fcr sich entschieden. Beim Bayernligisten FC Ismaning setzten sich die\nRot-Wei\u00dfen am Samstag mit 2:0 durch und auch &nbsp; beim Liga-Kollegen TSV 1860\nM\u00fcnchen II gab es am Sonntag ein 2:1.<\/p>\n\n\n\n<p>Im Samstagsspiel erzielte Maxi Siebald in der 22. Minute ein\nEigentor zur Buchbacher F\u00fchrung, das 2:0 durch Tobi Sztaf war dann sehr sch\u00f6n\nherausgespielt, als Markus Gr\u00fcbl und Ali Petrovic das Spiel auf Bene Orth\nverlagerten und Sztaf nach einem kurzen Dribbling unter die Latte traf. \u201eNach\nder F\u00fchrung sind wir besser ins Spiel gekommen und hatte auch in der zweiten\nH\u00e4lfte einige gute Umschaltsituationen, die wir besser ausspielen m\u00fcssten\u201c, so\nTrainer Markus Raupach, der von einer \u201eguten Intensit\u00e4t\u201c sprach und Sztaf\n\u201eerfreuliche Fortschritte\u201c attestierte.<\/p>\n\n\n\n<p>Bei der Partie am Sonntag merkte man den Rot-Wei\u00dfen dann die schweren Beine vor allem nach der Pause an. Beide Treffer erzielte Neuzugang Kalle Lappe jeweils nach Vorarbeit von Christian Brucia gleich in der dritten Minute, ehe er seine Torj\u00e4gerqualit\u00e4ten in der 35 Minute erneut unter Beweis stellte. Raupach: \u201eWir h\u00e4tten zur Pause h\u00f6her f\u00fchren m\u00fcssen, weil wir noch einige M\u00f6glichkeit hatten, nachdem Wechsel war die Partie dann eher ausgeglichen.\u201c Den Gegentreffer erzielte Fabian Greilinger in der 66. Minute. \u201eWir m\u00fcssen da in einigen Situationen noch abgekl\u00e4rter werden\u201c, so Raupach. Stefan Denk musste am Samstag schon in der Anfangsphase der Partie mit Muskelbeschwerden das Feld verlassen und muss wohl ein paar Tage pausieren. Selcuk Cinar steigt nach seiner Schulter-Operation in dieser Woche wieder ins Training ein.<\/p>\n\n\n\n<p>Fotos und Text: \u00a9 mb.presse, weitere Ver\u00f6ffentlichungen nur mit Zustimmung des Autors<\/p>\n","protected":false},"excerpt":{"rendered":"<p>Der TSV Buchbach hat seine beiden Testspiele am Wochenende f\u00fcr sich entschieden. Beim Bayernligisten FC Ismaning setzten sich die Rot-Wei\u00dfen am Samstag mit 2:0 durch und auch &nbsp; beim Liga-Kollegen&#8230;<\/p>\n","protected":false},"author":3,"featured_media":2228,"comment_status":"closed","ping_status":"open","sticky":false,"template":"","format":"standard","meta":{"footnotes":""},"categories":[1],"tags":[],"class_list":["post-2225","post","type-post","status-publish","format-standard","has-post-thumbnail","hentry","category-mannschaft-1"],"_links":{"self":[{"href":"https:\/\/www.tsv-buchbach.de\/fussball\/wp-json\/wp\/v2\/posts\/2225","targetHints":{"allow":["GET"]}}],"collection":[{"href":"https:\/\/www.tsv-buchbach.de\/fussball\/wp-json\/wp\/v2\/posts"}],"about":[{"href":"https:\/\/www.tsv-buchbach.de\/fussball\/wp-json\/wp\/v2\/types\/post"}],"author":[{"embeddable":true,"href":"https:\/\/www.tsv-buchbach.de\/fussball\/wp-json\/wp\/v2\/users\/3"}],"replies":[{"embeddable":true,"href":"https:\/\/www.tsv-buchbach.de\/fussball\/wp-json\/wp\/v2\/comments?post=2225"}],"version-history":[{"count":1,"href":"https:\/\/www.tsv-buchbach.de\/fussball\/wp-json\/wp\/v2\/posts\/2225\/revisions"}],"predecessor-version":[{"id":2236,"href":"https:\/\/www.tsv-buchbach.de\/fussball\/wp-json\/wp\/v2\/posts\/2225\/revisions\/2236"}],"wp:featuredmedia":[{"embeddable":true,"href":"https:\/\/www.tsv-buchbach.de\/fussball\/wp-json\/wp\/v2\/media\/2228"}],"wp:attachment":[{"href":"https:\/\/www.tsv-buchbach.de\/fussball\/wp-json\/wp\/v2\/media?parent=2225"}],"wp:term":[{"taxonomy":"category","embeddable":true,"href":"https:\/\/www.tsv-buchbach.de\/fussball\/wp-json\/wp\/v2\/categories?post=2225"},{"taxonomy":"post_tag","embeddable":true,"href":"https:\/\/www.tsv-buchbach.de\/fussball\/wp-json\/wp\/v2\/tags?post=2225"}],"curies":[{"name":"wp","href":"https:\/\/api.w.org\/{rel}","templated":true}]}}