{"id":2239,"date":"2020-02-14T21:10:00","date_gmt":"2020-02-14T20:10:00","guid":{"rendered":"https:\/\/www.tsv-buchbach.de\/fussball\/?p=2239"},"modified":"2020-03-05T21:11:50","modified_gmt":"2020-03-05T20:11:50","slug":"petrovic-gibt-buchbach-weiter-sein-ja-wort","status":"publish","type":"post","link":"https:\/\/www.tsv-buchbach.de\/fussball\/petrovic-gibt-buchbach-weiter-sein-ja-wort\/","title":{"rendered":"Petrovic gibt Buchbach weiter sein Ja-Wort"},"content":{"rendered":"\n<p>Regionalliga-Rekordspieler verl\u00e4ngert auslaufenden Vertrag\num weitere zwei Jahre<\/p>\n\n\n\n<p>Aufbruchstimmung beim TSV Buchbach! Nach dem Transfercoup\nvon Kalle Lappe kann der Kultverein die n\u00e4chste Personalie von gr\u00f6\u00dfter\nBedeutung verk\u00fcnden: Regionalliga-Rekordspieler Aleksandro Petrovic hat seinen\nim Juni auslaufenden Vertrag um weitere zwei Jahre verl\u00e4ngert.<\/p>\n\n\n\n<p>\u201eDas Gespr\u00e4ch zur Vertragsverl\u00e4ngerung hat gerade mal zehn\nMinuten gedauert und war absolut unkompliziert\u201c, berichten die beiden\nSportlichen Leiter Anton Bobenstetter und Georg Hanslmaier unisono. Der\n31-j\u00e4hrige Mittelfeldregisseur, der in dieser Spielzeit oft als Mittelst\u00fcrmer\naushelfen musste, will die n\u00e4chsten Jahre weiterhin auf hohen Niveau Fu\u00dfball\nspielen und kann sich daf\u00fcr keine bessere Adresse als Buchbach vorstellen: \u201eDas\nist mein Verein, mit dem ich weiter sportlich erfolgreich sein will und auch im\nUmfeld noch was bewegen m\u00f6chte.\u201c<\/p>\n\n\n\n<p>Der beim FC Bayern M\u00fcnchen ausgebildete Petrovic, ist im\nWinter 2011 \u00fcber seinen Freund Sandro Volz, der zu dieser Zeit das Tor des\ndamaligen Bayernligisten h\u00fctete, zu den Rot-Wei\u00dfen gekommen und hat seither 283\nPflichtspiele bestritten, davon 273 in der Eliteliga Bayerns. Damit ist er der\nabsolute Rekordhalter in der Regionalliga Bayern und seine Verfolger werden\nsich wohl in den n\u00e4chsten Jahren noch die Z\u00e4hne am Rekordmann ausbei\u00dfen, der in\ndieser Saison 21 Mal aufgelaufen ist und dabei acht Treffer erzielt hat. \u201ePetro\nwird von Jahr zu Jahr fitter. Er hat seine Ern\u00e4hrung umgestellt und lebt f\u00fcr\nden Fu\u00dfball\u201c, sagt Bobenstetter \u00fcber den Rechtsfu\u00df, der f\u00fcr Dynamo Dresden 30\nDrittliga-Spiele bestritten hat.<\/p>\n\n\n\n<p>Auch Verteidiger Benedikt Orth, der in seinem zweiten Jahr in Buchbach immer besser Fu\u00df fasst und immerhin schon zw\u00f6lf Mal zum Einsatz gekommen ist, hat f\u00fcr weitere zwei Jahre zugesagt. Der 20-J\u00e4hrige, der vor zwei Jahren aus der Jugend der SpVgg Unterhaching gekommen ist, bleibt also auch bis Juni 2022. \u201eWir haben bereits 16 Spieler f\u00fcr die kommende Saison unter Vertrag, sind also wie fast jedes Jahr schon recht fr\u00fch ziemlich weit. Das ist ja in der Regionalliga bei vielen anderen Vereinen nicht die Regel\u201c, freut sich Bobenstetter, der den Lappe-Transfer sehr hoch ansiedelt: \u201eDas hat Signalwirkung. Spieler, mit denen wir vor einiger Zeit Kontakt aufgenommen haben, melden sich jetzt bei uns von sich aus und wollen pl\u00f6tzlich kommen. Buchbach lebt.\u201c Auch Hanslmaier sieht die j\u00fcngsten Vertragsabschl\u00fcsse extrem positiv: \u201eDie jungen Spieler k\u00f6nnen von Ali und Kalle extrem viel lernen und werden sich so immer weiterentwickeln. Und nat\u00fcrlich macht es auch Spa\u00df mit so guten Fu\u00dfballern zu kicken. Ich bin mir sicher, dass wir dadurch als Verein f\u00fcr viele talentierte Spieler noch interessanter geworden sind.\u201c<\/p>\n\n\n\n<p>Fotos und Text: \u00a9 mb.presse, weitere Ver\u00f6ffentlichungen nur mit Zustimmung des Autors<\/p>\n","protected":false},"excerpt":{"rendered":"<p>Regionalliga-Rekordspieler verl\u00e4ngert auslaufenden Vertrag um weitere zwei Jahre Aufbruchstimmung beim TSV Buchbach! Nach dem Transfercoup von Kalle Lappe kann der Kultverein die n\u00e4chste Personalie von gr\u00f6\u00dfter Bedeutung verk\u00fcnden: Regionalliga-Rekordspieler Aleksandro&#8230;<\/p>\n","protected":false},"author":3,"featured_media":2221,"comment_status":"closed","ping_status":"open","sticky":false,"template":"","format":"standard","meta":{"footnotes":""},"categories":[1],"tags":[],"class_list":["post-2239","post","type-post","status-publish","format-standard","has-post-thumbnail","hentry","category-mannschaft-1"],"_links":{"self":[{"href":"https:\/\/www.tsv-buchbach.de\/fussball\/wp-json\/wp\/v2\/posts\/2239","targetHints":{"allow":["GET"]}}],"collection":[{"href":"https:\/\/www.tsv-buchbach.de\/fussball\/wp-json\/wp\/v2\/posts"}],"about":[{"href":"https:\/\/www.tsv-buchbach.de\/fussball\/wp-json\/wp\/v2\/types\/post"}],"author":[{"embeddable":true,"href":"https:\/\/www.tsv-buchbach.de\/fussball\/wp-json\/wp\/v2\/users\/3"}],"replies":[{"embeddable":true,"href":"https:\/\/www.tsv-buchbach.de\/fussball\/wp-json\/wp\/v2\/comments?post=2239"}],"version-history":[{"count":1,"href":"https:\/\/www.tsv-buchbach.de\/fussball\/wp-json\/wp\/v2\/posts\/2239\/revisions"}],"predecessor-version":[{"id":2240,"href":"https:\/\/www.tsv-buchbach.de\/fussball\/wp-json\/wp\/v2\/posts\/2239\/revisions\/2240"}],"wp:featuredmedia":[{"embeddable":true,"href":"https:\/\/www.tsv-buchbach.de\/fussball\/wp-json\/wp\/v2\/media\/2221"}],"wp:attachment":[{"href":"https:\/\/www.tsv-buchbach.de\/fussball\/wp-json\/wp\/v2\/media?parent=2239"}],"wp:term":[{"taxonomy":"category","embeddable":true,"href":"https:\/\/www.tsv-buchbach.de\/fussball\/wp-json\/wp\/v2\/categories?post=2239"},{"taxonomy":"post_tag","embeddable":true,"href":"https:\/\/www.tsv-buchbach.de\/fussball\/wp-json\/wp\/v2\/tags?post=2239"}],"curies":[{"name":"wp","href":"https:\/\/api.w.org\/{rel}","templated":true}]}}