{"id":2319,"date":"2020-02-02T21:44:00","date_gmt":"2020-02-02T20:44:00","guid":{"rendered":"https:\/\/www.tsv-buchbach.de\/fussball\/?p=2319"},"modified":"2020-03-05T21:45:58","modified_gmt":"2020-03-05T20:45:58","slug":"15-josef-haider-gedaechtnisturnier","status":"publish","type":"post","link":"https:\/\/www.tsv-buchbach.de\/fussball\/15-josef-haider-gedaechtnisturnier\/","title":{"rendered":"15. Josef-Haider-Ged\u00e4chtnisturnier"},"content":{"rendered":"\n<p>\n\n\n\nAm kommenden Wochenende wird es wieder richtig wuseln in der \nBuchbacher Turnhalle. Es findet, ausgetragen von der Jugendabteilung des\n TSV Buchbach, das mittlerweile 15. Josef-Haider Ged\u00e4chtnisturnier der \nFu\u00dfballjugend statt. Vom Freitag, 07.09. bis Sonntag, 09.09. geht es in \nden einzelnen Altersklassen (siehe Kasten) um Punkte, Medaillen und \nEhre. Insgesamt nehmen 46 Mannschaften aus 25 Vereinen an den drei \nTurniertagen teil. Highlights sind hier sicherlich die E2-Jugend des TSV\n 1860 M\u00fcnchen und des SV Wacker Burghausen. \u201eWir sind sehr stolz \u00fcber \ndie Vielzahl von teilnehmenden Mannschaften und Vereinen. Das zeigt \nschon, dass unser Jugendhallenturnier einen tollen Stellenwert \ngeniesst\u201c, so Helmut Laggerbauer vom TSV Buchbach. Am Freitag, 07.02. \nwird zudem um 17.15 Uhr die Jugendgarde der Faschngsgesellschaft \nBubaria, die \u201eBubarinis\u201c, das Rahmenprogramm bereichern. Am Sonntag, den\n 09.02. findet dar\u00fcber hinaus eine Tombola statt, bei der mehr als 100 \nPreise gewonnen werden k\u00f6nnen. \u201eMeine Mitstreiter sind seit vielen \nWochen kr\u00e4ftig am werkeln, um das Turnier zu einem echten Event f\u00fcr die \nFreunde des Jugenfu\u00dfballs zu machen. Deshalb w\u00fcrden wir uns auch \u00fcber \nviele Fans und Freunde des Buchbacher Jugendfu\u00dfballs freuen. Und \nnat\u00fcrlich ist f\u00fcr das leibliche Wohl der Akteure und Fans bestens \ngesorgt\u201c, so Helmut Laggerbauer.\n<\/p>\n\n\n\n<p>Freitag, 07.02.20:<br>\n14.45 Uhr F2-Junioren<br>\n18.00 Uhr F1-Junioren\n\nSamstag, 08.02.20:\n09.00 Uhr E1-Junioren<br>\n12.30 Uhr E2-Junioren<br>\n15.30 Uhr C2-Junioren<br>\n18.30 Uhr C1-Junioren\n<\/p>\n\n\n\n<p>Sonntag, 09.09.20:<br>\n09.00 Uhr D3- \/ D4-Junioren<br>\n12.00 Uhr D2-Junioren<br>\n15.00 Uhr D1-Junioren<\/p>\n\n\n\n<p>Fotos und Text: \u00a9 Erich Haider, weitere Ver\u00f6ffentlichungen nur mit Zustimmung des Autors<\/p>\n","protected":false},"excerpt":{"rendered":"<p>Am kommenden Wochenende wird es wieder richtig wuseln in der Buchbacher Turnhalle. Es findet, ausgetragen von der Jugendabteilung des TSV Buchbach, das mittlerweile 15. Josef-Haider Ged\u00e4chtnisturnier der Fu\u00dfballjugend statt. Vom&#8230;<\/p>\n","protected":false},"author":3,"featured_media":2022,"comment_status":"closed","ping_status":"open","sticky":false,"template":"","format":"standard","meta":{"footnotes":""},"categories":[64],"tags":[],"class_list":["post-2319","post","type-post","status-publish","format-standard","has-post-thumbnail","hentry","category-jugend"],"_links":{"self":[{"href":"https:\/\/www.tsv-buchbach.de\/fussball\/wp-json\/wp\/v2\/posts\/2319","targetHints":{"allow":["GET"]}}],"collection":[{"href":"https:\/\/www.tsv-buchbach.de\/fussball\/wp-json\/wp\/v2\/posts"}],"about":[{"href":"https:\/\/www.tsv-buchbach.de\/fussball\/wp-json\/wp\/v2\/types\/post"}],"author":[{"embeddable":true,"href":"https:\/\/www.tsv-buchbach.de\/fussball\/wp-json\/wp\/v2\/users\/3"}],"replies":[{"embeddable":true,"href":"https:\/\/www.tsv-buchbach.de\/fussball\/wp-json\/wp\/v2\/comments?post=2319"}],"version-history":[{"count":1,"href":"https:\/\/www.tsv-buchbach.de\/fussball\/wp-json\/wp\/v2\/posts\/2319\/revisions"}],"predecessor-version":[{"id":2320,"href":"https:\/\/www.tsv-buchbach.de\/fussball\/wp-json\/wp\/v2\/posts\/2319\/revisions\/2320"}],"wp:featuredmedia":[{"embeddable":true,"href":"https:\/\/www.tsv-buchbach.de\/fussball\/wp-json\/wp\/v2\/media\/2022"}],"wp:attachment":[{"href":"https:\/\/www.tsv-buchbach.de\/fussball\/wp-json\/wp\/v2\/media?parent=2319"}],"wp:term":[{"taxonomy":"category","embeddable":true,"href":"https:\/\/www.tsv-buchbach.de\/fussball\/wp-json\/wp\/v2\/categories?post=2319"},{"taxonomy":"post_tag","embeddable":true,"href":"https:\/\/www.tsv-buchbach.de\/fussball\/wp-json\/wp\/v2\/tags?post=2319"}],"curies":[{"name":"wp","href":"https:\/\/api.w.org\/{rel}","templated":true}]}}