{"id":2637,"date":"2020-04-16T12:20:28","date_gmt":"2020-04-16T10:20:28","guid":{"rendered":"https:\/\/www.tsv-buchbach.de\/fussball\/?p=2637"},"modified":"2020-04-20T10:46:38","modified_gmt":"2020-04-20T08:46:38","slug":"bfv-talentsichtungsturnier-2020-vorerst-abgesagt","status":"publish","type":"post","link":"https:\/\/www.tsv-buchbach.de\/fussball\/bfv-talentsichtungsturnier-2020-vorerst-abgesagt\/","title":{"rendered":"BFV-Talentsichtungsturnier 2020 &#8211; vorerst abgesagt"},"content":{"rendered":"\n<p>Dass das Sichtungsturnier nicht wie geplant stattfinden kann, war sicherlich jedem klar. Mit Schreiben von Sandra Hofmann (Vorsitzende Verbands-Frauen und M\u00e4dchenausschusses) und Florian Wei\u00dfmann (Vorsitzender Verbands-Jugendausschuss) wurde das f\u00fcr den 25.\/26. April geplante Talentsichtungsturnier f\u00fcr den Jahrgang 2009 in Buchbach jetzt auch formal abgesagt. Sobald die bayerische Staatsregierung dem BFV gr\u00fcnes Licht zur Wiederaufnahme des Fu\u00dfballspielbetriebs und zur Durchf\u00fchrung von Veranstaltungen gibt, wird es neue Informationen \u00fcber die n\u00e4chsten Schritte geben. Weitere Infos unter: <a href=\"https:\/\/www.bfv.de\/der-bfv\/corona-pandemie\/bfv-infos-corona-pandemie-fussball-bayern\/\">https:\/\/www.bfv.de\/der-bfv\/corona-pandemie\/bfv-infos-corona-pandemie-fussball-bayern\/<\/a><\/p>\n\n\n\n<p><\/p>\n\n\n\n<p><br><\/p>\n","protected":false},"excerpt":{"rendered":"<p>Dass das Sichtungsturnier nicht wie geplant stattfinden kann, war sicherlich jedem klar. Mit Schreiben von Sandra Hofmann (Vorsitzende Verbands-Frauen und M\u00e4dchenausschusses) und Florian Wei\u00dfmann (Vorsitzender Verbands-Jugendausschuss) wurde das f\u00fcr den&#8230;<\/p>\n","protected":false},"author":5,"featured_media":2556,"comment_status":"closed","ping_status":"open","sticky":false,"template":"","format":"standard","meta":{"footnotes":""},"categories":[64,65],"tags":[],"class_list":["post-2637","post","type-post","status-publish","format-standard","has-post-thumbnail","hentry","category-jugend","category-news"],"_links":{"self":[{"href":"https:\/\/www.tsv-buchbach.de\/fussball\/wp-json\/wp\/v2\/posts\/2637","targetHints":{"allow":["GET"]}}],"collection":[{"href":"https:\/\/www.tsv-buchbach.de\/fussball\/wp-json\/wp\/v2\/posts"}],"about":[{"href":"https:\/\/www.tsv-buchbach.de\/fussball\/wp-json\/wp\/v2\/types\/post"}],"author":[{"embeddable":true,"href":"https:\/\/www.tsv-buchbach.de\/fussball\/wp-json\/wp\/v2\/users\/5"}],"replies":[{"embeddable":true,"href":"https:\/\/www.tsv-buchbach.de\/fussball\/wp-json\/wp\/v2\/comments?post=2637"}],"version-history":[{"count":3,"href":"https:\/\/www.tsv-buchbach.de\/fussball\/wp-json\/wp\/v2\/posts\/2637\/revisions"}],"predecessor-version":[{"id":2641,"href":"https:\/\/www.tsv-buchbach.de\/fussball\/wp-json\/wp\/v2\/posts\/2637\/revisions\/2641"}],"wp:featuredmedia":[{"embeddable":true,"href":"https:\/\/www.tsv-buchbach.de\/fussball\/wp-json\/wp\/v2\/media\/2556"}],"wp:attachment":[{"href":"https:\/\/www.tsv-buchbach.de\/fussball\/wp-json\/wp\/v2\/media?parent=2637"}],"wp:term":[{"taxonomy":"category","embeddable":true,"href":"https:\/\/www.tsv-buchbach.de\/fussball\/wp-json\/wp\/v2\/categories?post=2637"},{"taxonomy":"post_tag","embeddable":true,"href":"https:\/\/www.tsv-buchbach.de\/fussball\/wp-json\/wp\/v2\/tags?post=2637"}],"curies":[{"name":"wp","href":"https:\/\/api.w.org\/{rel}","templated":true}]}}