{"id":2918,"date":"2020-05-09T14:28:30","date_gmt":"2020-05-09T12:28:30","guid":{"rendered":"https:\/\/www.tsv-buchbach.de\/fussball\/?p=2918"},"modified":"2020-05-12T07:35:46","modified_gmt":"2020-05-12T05:35:46","slug":"gestern-abend-wurde-seitens-der-bayerischen-staatsregierung-und-des-bfv-nun-doch-auch-noch-moeglich-gemacht-dass-fussballtraining-ab-montag-in-kleingruppen-moeglich-ist-anbei-der-link-zur-info-auf-d","status":"publish","type":"post","link":"https:\/\/www.tsv-buchbach.de\/fussball\/gestern-abend-wurde-seitens-der-bayerischen-staatsregierung-und-des-bfv-nun-doch-auch-noch-moeglich-gemacht-dass-fussballtraining-ab-montag-in-kleingruppen-moeglich-ist-anbei-der-link-zur-info-auf-d\/","title":{"rendered":"Info von Helmut Laggerbauer zum Trainingsbetrieb"},"content":{"rendered":"\n<p>Gestern Abend wurde seitens der bayerischen Staatsregierung und des BFV nun doch auch noch m\u00f6glich gemacht, dass Fu\u00dfballtraining ab Montag in Kleingruppen m\u00f6glich ist. Anbei der Link zur Info auf der BFV-Homepage.  Wir werden uns innerhalb der Jugendleitung so schnell wie m\u00f6glich abstimmen und Euch dann informieren, wie wir weiter verfahren. Wir bitten um Verst\u00e4ndnis, dass nicht sofort ab Montag jeder wieder &#8222;ganz normal&#8220; trainieren kann. Dies ist erst nach Absprache\/Genehmigung mit der Jugend-\/Abteilungsleitung m\u00f6glich, zumal es auch nicht einfach sein wird, die Vorgaben des BFV-Leitfaden zum eingeschr\u00e4nkten Trainingsbetrieb umzusetzen.   <\/p>\n\n\n\n<figure class=\"wp-block-embed\"><div class=\"wp-block-embed__wrapper\">\nhttps:\/\/www.bfv.de\/news\/corona\/2020\/05\/eingeschranktes-fussballtraining-ab-montag-wieder-erlaubt\n<\/div><\/figure>\n","protected":false},"excerpt":{"rendered":"<p>Gestern Abend wurde seitens der bayerischen Staatsregierung und des BFV nun doch auch noch m\u00f6glich gemacht, dass Fu\u00dfballtraining ab Montag in Kleingruppen m\u00f6glich ist. Anbei der Link zur Info auf&#8230;<\/p>\n","protected":false},"author":5,"featured_media":2944,"comment_status":"closed","ping_status":"open","sticky":false,"template":"","format":"standard","meta":{"footnotes":""},"categories":[65,1],"tags":[],"class_list":["post-2918","post","type-post","status-publish","format-standard","has-post-thumbnail","hentry","category-news","category-mannschaft-1"],"_links":{"self":[{"href":"https:\/\/www.tsv-buchbach.de\/fussball\/wp-json\/wp\/v2\/posts\/2918","targetHints":{"allow":["GET"]}}],"collection":[{"href":"https:\/\/www.tsv-buchbach.de\/fussball\/wp-json\/wp\/v2\/posts"}],"about":[{"href":"https:\/\/www.tsv-buchbach.de\/fussball\/wp-json\/wp\/v2\/types\/post"}],"author":[{"embeddable":true,"href":"https:\/\/www.tsv-buchbach.de\/fussball\/wp-json\/wp\/v2\/users\/5"}],"replies":[{"embeddable":true,"href":"https:\/\/www.tsv-buchbach.de\/fussball\/wp-json\/wp\/v2\/comments?post=2918"}],"version-history":[{"count":4,"href":"https:\/\/www.tsv-buchbach.de\/fussball\/wp-json\/wp\/v2\/posts\/2918\/revisions"}],"predecessor-version":[{"id":2922,"href":"https:\/\/www.tsv-buchbach.de\/fussball\/wp-json\/wp\/v2\/posts\/2918\/revisions\/2922"}],"wp:featuredmedia":[{"embeddable":true,"href":"https:\/\/www.tsv-buchbach.de\/fussball\/wp-json\/wp\/v2\/media\/2944"}],"wp:attachment":[{"href":"https:\/\/www.tsv-buchbach.de\/fussball\/wp-json\/wp\/v2\/media?parent=2918"}],"wp:term":[{"taxonomy":"category","embeddable":true,"href":"https:\/\/www.tsv-buchbach.de\/fussball\/wp-json\/wp\/v2\/categories?post=2918"},{"taxonomy":"post_tag","embeddable":true,"href":"https:\/\/www.tsv-buchbach.de\/fussball\/wp-json\/wp\/v2\/tags?post=2918"}],"curies":[{"name":"wp","href":"https:\/\/api.w.org\/{rel}","templated":true}]}}