{"id":3074,"date":"2020-05-18T19:23:37","date_gmt":"2020-05-18T17:23:37","guid":{"rendered":"https:\/\/www.tsv-buchbach.de\/fussball\/?p=3074"},"modified":"2020-05-19T10:24:14","modified_gmt":"2020-05-19T08:24:14","slug":"hoid-ma-zam","status":"publish","type":"post","link":"https:\/\/www.tsv-buchbach.de\/fussball\/hoid-ma-zam\/","title":{"rendered":"Hoid ma zam!"},"content":{"rendered":"<div class=\"wpb-content-wrapper\"><p>[vc_row][vc_column][vc_column_text]Unter obigem Motto haben Georg Hanslmaier und die Regionalligamannschaft ein Video produziert und dazu aufgerufen, alle Kr\u00e4fte zu b\u00fcndeln, damit in unserer SMR-Arena nach der Corona-Krise weiterhin Regionalligafu\u00dfball gespielt werden kann. Die einfachste Methode, uns Fu\u00dfballer zu unterst\u00fctzen, ist weiterhin der Kauf von <a href=\"https:\/\/www.tsv-buchbach.de\/fussball\/buchbach-bietet-solidaritaetsticket-an\/\" target=\"_blank\" rel=\"noreferrer noopener\" aria-label=\"Solidarit\u00e4tstickets (\u00f6ffnet in neuem Tab)\">Solidarit\u00e4tstickets<\/a>. Der Stand am Wochenende 16.\/17. Mai waren 325 verkaufte Tickets. Schaffen wir die 500? Das Video ist auf unserem Youtube-Kanal <a href=\"https:\/\/www.youtube.com\/channel\/UCDZYIFpzVmIFoOEa3ZFqqJA\">hier<\/a> zu sehen. Nat\u00fcrlich w\u00fcrden wir uns auch dar\u00fcber freuen, wenn m\u00f6glichst viele Fu\u00dfballfans den Youtube-Kanal abonieren w\u00fcrden. Auch dies geht mit einem einfachen Klick <a href=\"https:\/\/www.youtube.com\/channel\/UCDZYIFpzVmIFoOEa3ZFqqJA\">hier<\/a>. Nat\u00fcrlich sind auch ganz normale Spenden auf unser Spendenkonto m\u00f6glich: VR Bank Buchbach IBAN DE 57 7016 9566 0801 8149 31, BIC GENODEF1TAV<\/p>\r\n<p>[\/vc_column_text][\/vc_column][\/vc_row][vc_row][vc_column][vc_raw_html]JTNDaWZyYW1lJTIwd2lkdGglM0QlMjI1NjAlMjIlMjBoZWlnaHQlM0QlMjIzMTUlMjIlMjBzcmMlM0QlMjJodHRwcyUzQSUyRiUyRnd3dy55b3V0dWJlLmNvbSUyRmVtYmVkJTJGLWU5VzJzeTdRX3clMjIlMjBmcmFtZWJvcmRlciUzRCUyMjAlMjIlMjBhbGxvdyUzRCUyMmFjY2VsZXJvbWV0ZXIlM0IlMjBhdXRvcGxheSUzQiUyMGVuY3J5cHRlZC1tZWRpYSUzQiUyMGd5cm9zY29wZSUzQiUyMHBpY3R1cmUtaW4tcGljdHVyZSUyMiUyMGFsbG93ZnVsbHNjcmVlbiUzRSUzQyUyRmlmcmFtZSUzRQ==[\/vc_raw_html][\/vc_column][\/vc_row]<\/p><\/div>","protected":false},"excerpt":{"rendered":"<p>[vc_row][vc_column][vc_column_text]Unter obigem Motto haben Georg Hanslmaier und die Regionalligamannschaft ein Video produziert und dazu aufgerufen, alle Kr\u00e4fte zu b\u00fcndeln, damit in unserer SMR-Arena nach der Corona-Krise weiterhin Regionalligafu\u00dfball gespielt werden&#8230;<\/p>\n","protected":false},"author":5,"featured_media":3075,"comment_status":"closed","ping_status":"open","sticky":false,"template":"","format":"standard","meta":{"footnotes":""},"categories":[65,1],"tags":[],"class_list":["post-3074","post","type-post","status-publish","format-standard","has-post-thumbnail","hentry","category-news","category-mannschaft-1"],"_links":{"self":[{"href":"https:\/\/www.tsv-buchbach.de\/fussball\/wp-json\/wp\/v2\/posts\/3074","targetHints":{"allow":["GET"]}}],"collection":[{"href":"https:\/\/www.tsv-buchbach.de\/fussball\/wp-json\/wp\/v2\/posts"}],"about":[{"href":"https:\/\/www.tsv-buchbach.de\/fussball\/wp-json\/wp\/v2\/types\/post"}],"author":[{"embeddable":true,"href":"https:\/\/www.tsv-buchbach.de\/fussball\/wp-json\/wp\/v2\/users\/5"}],"replies":[{"embeddable":true,"href":"https:\/\/www.tsv-buchbach.de\/fussball\/wp-json\/wp\/v2\/comments?post=3074"}],"version-history":[{"count":6,"href":"https:\/\/www.tsv-buchbach.de\/fussball\/wp-json\/wp\/v2\/posts\/3074\/revisions"}],"predecessor-version":[{"id":3091,"href":"https:\/\/www.tsv-buchbach.de\/fussball\/wp-json\/wp\/v2\/posts\/3074\/revisions\/3091"}],"wp:featuredmedia":[{"embeddable":true,"href":"https:\/\/www.tsv-buchbach.de\/fussball\/wp-json\/wp\/v2\/media\/3075"}],"wp:attachment":[{"href":"https:\/\/www.tsv-buchbach.de\/fussball\/wp-json\/wp\/v2\/media?parent=3074"}],"wp:term":[{"taxonomy":"category","embeddable":true,"href":"https:\/\/www.tsv-buchbach.de\/fussball\/wp-json\/wp\/v2\/categories?post=3074"},{"taxonomy":"post_tag","embeddable":true,"href":"https:\/\/www.tsv-buchbach.de\/fussball\/wp-json\/wp\/v2\/tags?post=3074"}],"curies":[{"name":"wp","href":"https:\/\/api.w.org\/{rel}","templated":true}]}}