{"id":3240,"date":"2020-07-05T12:44:08","date_gmt":"2020-07-05T10:44:08","guid":{"rendered":"https:\/\/www.tsv-buchbach.de\/fussball\/?p=3240"},"modified":"2020-07-15T13:09:08","modified_gmt":"2020-07-15T11:09:08","slug":"ab-sofort-meldeligen-von-a-bis-d-jugend","status":"publish","type":"post","link":"https:\/\/www.tsv-buchbach.de\/fussball\/ab-sofort-meldeligen-von-a-bis-d-jugend\/","title":{"rendered":"Ab sofort: Meldeligen von A- bis D-Jugend"},"content":{"rendered":"\r\n<p>Mit einer entsprechenden Abstimmung haben sich jetzt im Inn-Salzach-Kreis die Vereine mit gro\u00dfer Mehrheit entschieden, anderen Kreisen zu folgen und Meldeligen einzuf\u00fcgen. Das bedeutet konkret, dass die Vereine\/Jugendleiter\/Trainer bereits f\u00fcr die jetzt anstehende Saison selbst bestimmen k\u00f6nnen, ob Mannschaften in der Gruppe, der Kreisklasse bzw. der Kreisliga spielen sollen. Damit kommt auch auf die Buchbacher Trainer eine gro\u00dfe Verantwortung zu. Sie m\u00fcssen jetzt gemeinsam mit der Sportlichen Leitung entscheiden, in welcher Liga ihre Mannschaften am besten aufgehoben sind. Ein ganz klarer Vorteil spricht f\u00fcr die Meldeliga: Folgt zum Beispiel einem schwachen Jahrgang, der sportlich abgestiegen ist, ein starker Jahrgang nach, m\u00fcsste der neue starke Jahrgang unter Umst\u00e4nden in der Gruppe die Saison bestreiten, obwohl man auf Kreisliganiveau mitspielen k\u00f6nnte. Um jetzt nicht eine langweilige Saison mit lauter Zu-Null-Siegen in der Gruppe spielen zu m\u00fcssen, wird die Mannschaft sofort f\u00fcr die Kreisklasse oder Kreisliga gemeldet. Nachteil an der Geschichte ist, dass die Einsch\u00e4tzung, ob die eigene Mannschaft \u201estark\u201c ist, subjektiv ist. Denn welcher Verein verf\u00fcgt schon \u00fcber die Mittel, die Zeit und die M\u00f6glichkeiten, sich st\u00e4ndig \u00fcber die St\u00e4rke der nachr\u00fcckenden Jahrg\u00e4nge des Mitbewerbs zu informieren, um die St\u00e4rke des eigenen Teams in Relation mit der St\u00e4rke anderer Mannschaften zu bringen. Man k\u00f6nnte sich versch\u00e4tzen und hat statt einer erfolgreichen Saison (z.B. in der Kreisklasse) eine frustrierende Saison mit lauter Niederlagen in der Kreisliga vor sich. Ein weiterer Nachteil ist, dass den Mannschaften die sportliche Chance genommen wird, in der Kreisliga bzw. in der Kreisklasse erfolgreich gegen den sportlichen Abstieg zu k\u00e4mpfen. Damit \u00e4ndern sich f\u00fcr viele Mannschaften die Saisonziele. Das sportliche Streben nach Aufstieg gibt es nur noch f\u00fcr einige Mannschaften in der Kreisliga, die den Sprung in die Bezirksoberliga schaffen m\u00f6chten. Dagegen geht es in den Kreisklassen und den Gruppen zwar weiterhin um Meisterehren, aber eben nicht mehr um den sportlichen Aufstieg.<\/p>\r\n\r\n\r\n\r\n<p>F\u00fcr die bevorstehende Saison 2020\/2021 gibt es die Besonderheit, dass diese Saison zweigeteilt ist. Im Herbst gibt eine einfache Runde mit sportlichem Auf- und Abstieg. Damit werden Diskrepanzen, die bei der Einteilung passiert sind, wieder ausgleichen. Die Ligen sollen aus maximal zehn Mannschaften bestehen.<\/p>\r\n\r\n\r\n\r\n<p>Der Sportliche Leiter Helmut Laggerbauer zeigte sich ein wenig \u00fcberrascht von dem \u00fcberdeutlichen Ergebnis der Abstimmung, h\u00e4lt das Vorgehen aber genau f\u00fcr den richtigen Weg.<\/p>\r\n","protected":false},"excerpt":{"rendered":"<p>Mit einer entsprechenden Abstimmung haben sich jetzt im Inn-Salzach-Kreis die Vereine mit gro\u00dfer Mehrheit entschieden, anderen Kreisen zu folgen und Meldeligen einzuf\u00fcgen. Das bedeutet konkret, dass die Vereine\/Jugendleiter\/Trainer bereits f\u00fcr&#8230;<\/p>\n","protected":false},"author":5,"featured_media":3241,"comment_status":"closed","ping_status":"open","sticky":false,"template":"","format":"standard","meta":{"footnotes":""},"categories":[64,65],"tags":[],"class_list":["post-3240","post","type-post","status-publish","format-standard","has-post-thumbnail","hentry","category-jugend","category-news"],"_links":{"self":[{"href":"https:\/\/www.tsv-buchbach.de\/fussball\/wp-json\/wp\/v2\/posts\/3240","targetHints":{"allow":["GET"]}}],"collection":[{"href":"https:\/\/www.tsv-buchbach.de\/fussball\/wp-json\/wp\/v2\/posts"}],"about":[{"href":"https:\/\/www.tsv-buchbach.de\/fussball\/wp-json\/wp\/v2\/types\/post"}],"author":[{"embeddable":true,"href":"https:\/\/www.tsv-buchbach.de\/fussball\/wp-json\/wp\/v2\/users\/5"}],"replies":[{"embeddable":true,"href":"https:\/\/www.tsv-buchbach.de\/fussball\/wp-json\/wp\/v2\/comments?post=3240"}],"version-history":[{"count":5,"href":"https:\/\/www.tsv-buchbach.de\/fussball\/wp-json\/wp\/v2\/posts\/3240\/revisions"}],"predecessor-version":[{"id":3312,"href":"https:\/\/www.tsv-buchbach.de\/fussball\/wp-json\/wp\/v2\/posts\/3240\/revisions\/3312"}],"wp:featuredmedia":[{"embeddable":true,"href":"https:\/\/www.tsv-buchbach.de\/fussball\/wp-json\/wp\/v2\/media\/3241"}],"wp:attachment":[{"href":"https:\/\/www.tsv-buchbach.de\/fussball\/wp-json\/wp\/v2\/media?parent=3240"}],"wp:term":[{"taxonomy":"category","embeddable":true,"href":"https:\/\/www.tsv-buchbach.de\/fussball\/wp-json\/wp\/v2\/categories?post=3240"},{"taxonomy":"post_tag","embeddable":true,"href":"https:\/\/www.tsv-buchbach.de\/fussball\/wp-json\/wp\/v2\/tags?post=3240"}],"curies":[{"name":"wp","href":"https:\/\/api.w.org\/{rel}","templated":true}]}}