{"id":3277,"date":"2020-07-11T13:53:42","date_gmt":"2020-07-11T11:53:42","guid":{"rendered":"https:\/\/www.tsv-buchbach.de\/fussball\/?p=3277"},"modified":"2020-07-15T13:08:08","modified_gmt":"2020-07-15T11:08:08","slug":"bfv-ferienamp-vom-12-8-14-8-2020","status":"publish","type":"post","link":"https:\/\/www.tsv-buchbach.de\/fussball\/bfv-ferienamp-vom-12-8-14-8-2020\/","title":{"rendered":"BFV-Ferienamp vom 12.8. &#8211; 14.8.2020"},"content":{"rendered":"\r\n<p>In den Sommerferien k\u00f6nnen fu\u00dfballbegeisterte Kinder und Jugendliche im Alter von 7 bis 14 Jahren vom 12. &#8211; 14. August 2020 am Sportgel\u00e4nde des TSV Buchbach, Jahnstra\u00dfe 7, 84428 Buchbach gezielt unter unter dem Motto &#8222;Spiel, Spa\u00df, Fu\u00dfball pur&#8220; ihrem Hobby nachgehen. Ob Junge oder M\u00e4dchen, Feldspieler\/in oder Torh\u00fcter\/in, Anf\u00e4nger oder Experte, Vereinsmitglied oder kein Vereinsmitglied, bei uns kann jeder teilnehmen, der Lust auf ein tolles Fu\u00dfball- und Freizeitprogramm hat. Geniale Tricks und Techniken, coole Turniere und Spiele, neue Freunde, Top-Trainingsausstattung von adidas, qualifizierte und geschulte Trainer und vieles mehr erwarten dich. Vor Ort wirst du t\u00e4glich von 9 bis 17 Uhr betreut. F\u00fcr Mittagessen, Obst und ausreichend Getr\u00e4nke ist selbstverst\u00e4ndlich gesorgt. Zus\u00e4tzlich erh\u00e4ltst du eine hochwertige adidas-Ausr\u00fcstung (Trikot, kurze Hose, Stutzensocken und einen exklusiven Trainingsball), einen Turnbeutel sowie eine Trinkflasche. Dies alles bietet der BFV zum Preis von 130,00 Euro f\u00fcr drei Tage (Geschwisterkinder zahlen 120,- \u20ac). Dabei flie\u00dft 1,- \u20ac jeder Anmeldung direkt in die BFV-Sozialstiftung zur Finanzierung sozialer Projekte. Das Training wird von unserem Manuel Neubauer geleitet. Weitere Infos und Anmeldung:<\/p>\r\n\r\n\r\n\r\n<ul class=\"wp-block-list\">\r\n<li>Internet: <a href=\"https:\/\/www.dfbnet.org\/vkal\/mod_vkal\/webflow.do?event=ANGEBOT_NEW&amp;dmg_company=BFV&amp;params.bereichId=028M773SIC000000VS5489B6VUCMD8LN&amp;params.kategorieId=028M775RCO000000VS5489B6VUCMD8LN\">Anmeldung<\/a><\/li>\r\n<li>facebook: <a href=\"https:\/\/www.facebook.com\/bfvferienonline\/\">Infos<\/a><\/li>\r\n<li>istagram: <a href=\"https:\/\/www.instagram.com\/bfv_fussballcamps\/\">Infos<\/a><\/li>\r\n<\/ul>\r\n\r\n\r\n\r\n<p>&nbsp;<\/p>\r\n","protected":false},"excerpt":{"rendered":"<p>In den Sommerferien k\u00f6nnen fu\u00dfballbegeisterte Kinder und Jugendliche im Alter von 7 bis 14 Jahren vom 12. &#8211; 14. August 2020 am Sportgel\u00e4nde des TSV Buchbach, Jahnstra\u00dfe 7, 84428 Buchbach&#8230;<\/p>\n","protected":false},"author":5,"featured_media":3278,"comment_status":"closed","ping_status":"open","sticky":false,"template":"","format":"standard","meta":{"footnotes":""},"categories":[64,65],"tags":[],"class_list":["post-3277","post","type-post","status-publish","format-standard","has-post-thumbnail","hentry","category-jugend","category-news"],"_links":{"self":[{"href":"https:\/\/www.tsv-buchbach.de\/fussball\/wp-json\/wp\/v2\/posts\/3277","targetHints":{"allow":["GET"]}}],"collection":[{"href":"https:\/\/www.tsv-buchbach.de\/fussball\/wp-json\/wp\/v2\/posts"}],"about":[{"href":"https:\/\/www.tsv-buchbach.de\/fussball\/wp-json\/wp\/v2\/types\/post"}],"author":[{"embeddable":true,"href":"https:\/\/www.tsv-buchbach.de\/fussball\/wp-json\/wp\/v2\/users\/5"}],"replies":[{"embeddable":true,"href":"https:\/\/www.tsv-buchbach.de\/fussball\/wp-json\/wp\/v2\/comments?post=3277"}],"version-history":[{"count":3,"href":"https:\/\/www.tsv-buchbach.de\/fussball\/wp-json\/wp\/v2\/posts\/3277\/revisions"}],"predecessor-version":[{"id":3311,"href":"https:\/\/www.tsv-buchbach.de\/fussball\/wp-json\/wp\/v2\/posts\/3277\/revisions\/3311"}],"wp:featuredmedia":[{"embeddable":true,"href":"https:\/\/www.tsv-buchbach.de\/fussball\/wp-json\/wp\/v2\/media\/3278"}],"wp:attachment":[{"href":"https:\/\/www.tsv-buchbach.de\/fussball\/wp-json\/wp\/v2\/media?parent=3277"}],"wp:term":[{"taxonomy":"category","embeddable":true,"href":"https:\/\/www.tsv-buchbach.de\/fussball\/wp-json\/wp\/v2\/categories?post=3277"},{"taxonomy":"post_tag","embeddable":true,"href":"https:\/\/www.tsv-buchbach.de\/fussball\/wp-json\/wp\/v2\/tags?post=3277"}],"curies":[{"name":"wp","href":"https:\/\/api.w.org\/{rel}","templated":true}]}}