{"id":3750,"date":"2020-09-23T20:32:19","date_gmt":"2020-09-23T18:32:19","guid":{"rendered":"https:\/\/www.tsv-buchbach.de\/fussball\/?p=3750"},"modified":"2020-09-23T20:32:19","modified_gmt":"2020-09-23T18:32:19","slug":"u23-will-gleich-nachlegen","status":"publish","type":"post","link":"https:\/\/www.tsv-buchbach.de\/fussball\/u23-will-gleich-nachlegen\/","title":{"rendered":"U23 will gleich nachlegen"},"content":{"rendered":"<div class=\"wpb-content-wrapper\"><p>[vc_row][vc_column][vc_column_text]<em>Bild: Andreas Wittmann hat gegen Saaldorf getroffen und m\u00f6chte auch am Freitag in Aschheim einnetzen.<\/em>[\/vc_column_text][vc_custom_heading text=&#8220;U23 will gleich nachlegen&#8220;][vc_column_text]<strong>Nistler-Elf gastiert am Freitag um 19.30 Uhr in Aschheim \u2013 Bircan fehlt<\/strong><\/p>\n<p>Nach dem 2:1-Auftaktsieg gegen den SV Saaldorf m\u00f6chte die U23 des TSV Buchbach am Freitag um 19.30 Uhr beim Gastspiel in Aschheim gleich nachlegen und auf keinen Fall mit leeren H\u00e4nden heimfahren. \u201eWir sind nicht so vermessen und sagen, dass wir unbedingt drei Punkte holen m\u00fcssen. Wir k\u00f6nnten schon mit einem Unentschieden gut leben\u201c, so Co-Trainer Daniel S\u00fc\u00dfmaier.<\/p>\n<p>Die Mannschaft von Trainer Thomas Seethaler, der in der Saison 2017\/18 f\u00fcr 13 Spiele den damaligen Regionalligisten FC Unterf\u00f6hring gecoacht hat, musste sich beim Wiederstart der Fu\u00dfball-Bezirksliga vor Wochenfrist mit 0:3 beim SV Reichertsheim geschlagen geben und rangiert mit 22 Punkten unmittelbar vor der Relegationszone. \u201eDie Aschheimer sind sicherlich ein ganz anderer Gegner als Saaldorf. Das sind ja alles M\u00fcnchner Fu\u00dfballer, die technisch sehr stark sind, aber nicht so robust auftreten wie die Saaldorfer, insofern wird das ein ganz anderes Spiel. Noch dazu auf dem extrem gro\u00dfen Platz in Aschheim\u201c, wei\u00df S\u00fc\u00dfmaier, der davon ausgeht, dass die Aschheimer vor eigenem Publikum alles in die Waagschale werfen werden, um die drei Punkte im Kampf f\u00fcr den Klassenerhalt zu behalten.\u201c<\/p>\n<p>Mit nunmehr 30 Punkten haben die G\u00e4ste aus Buchbach eine sehr gute Ausgangsposition, stehen also nicht unter Druck. S\u00fc\u00dfmaier: \u201eWir versuchen wieder so aufzutreten wie gegen Saaldorf, als wir von allen Seiten viel Lob f\u00fcr unser Laufbereitschaft, den Einsatzwillen und das Zweikampfverhalten bekommen haben.\u201c Wie zahlreich die Unterst\u00fctzung aus dem Regionalliga-Kader diesmal sein wird, steht hingegen auf einem anderen Blatt, zumal die Regionalliga-Mannschaft ja auch am Freitag im Liga-Pokal gegen den SV Schalding-Heining im Einsatz ist. Als sicher gilt nur, dass Anderl Steer wieder das Tor h\u00fcten wird, m\u00f6glicherweise darf Tobi Maus, der wieder ins Mannschaftstraining eingestiegen ist, Spielpraxis bei der \u201eZweiten\u201c sammeln. Nicht nur Sportlicher Leiter Anton Bobenstetter fand lobende Worte f\u00fcr den Auftritt gegen Saaldorf, auch Regionalliga-Coach Markus Raupach hat wohlwollend zur Kenntnis genommen, dass die jungen Regionalliga-Spieler einen guten Job gemacht haben: \u201eWir haben ausgemacht, dass der jeweilige Gegner sagen muss, dass unsere Bezirksliga-Mannschaft nicht zu schlagen weil die abgestellten Regionalliga-Spieler so stark waren. Auf jeden Fall haben sie ihren Teil zum Sieg beigetragen und das freut uns alle.\u201c<\/p>\n<p>In Aschheim kann Trainer Markus Nistler wieder auf die Dienste von Angreifer Alexander Zehentmeier zur\u00fcckgreifen, der nach seiner Sprunggelenks-Verletzung wieder im Training ist. Das ist auch gut so, denn mit Ali Bircan, der am Samstag heiratet, fehlt eine wichtige Offensivkraft. Auch Denis Rexhepi k\u00f6nnte nach seiner Leistenverletzung zumindest wieder auf der Bank Platz nehmen. \u201eWenn wir wieder so couragiert und engagiert wie gegen Saaldorf bei der Sache sind, bin ich mir sicher, dass es f\u00fcr einen Punkt reicht\u201c, so S\u00fc\u00dfmaier, der anf\u00fcgt: \u201eWenn es mehr als ein Punkt wird, nehmen wir das gerne mit.\u201c<\/p>\n<p><em>Fotos und Text: \u00a9 mb.presse, weitere Ver\u00f6ffentlichungen nur mit Zustimmung des Autors<\/em>[\/vc_column_text][\/vc_column][\/vc_row]<\/p>\n<\/div>","protected":false},"excerpt":{"rendered":"<p>[vc_row][vc_column][vc_column_text]Bild: Andreas Wittmann hat gegen Saaldorf getroffen und m\u00f6chte auch am Freitag in Aschheim einnetzen.[\/vc_column_text][vc_custom_heading text=&#8220;U23 will gleich nachlegen&#8220;][vc_column_text]Nistler-Elf gastiert am Freitag um 19.30 Uhr in Aschheim \u2013 Bircan fehlt&#8230;<\/p>\n","protected":false},"author":4,"featured_media":3751,"comment_status":"closed","ping_status":"open","sticky":false,"template":"","format":"standard","meta":{"footnotes":""},"categories":[80,65],"tags":[],"class_list":["post-3750","post","type-post","status-publish","format-standard","has-post-thumbnail","hentry","category-mannschaft-2","category-news"],"_links":{"self":[{"href":"https:\/\/www.tsv-buchbach.de\/fussball\/wp-json\/wp\/v2\/posts\/3750","targetHints":{"allow":["GET"]}}],"collection":[{"href":"https:\/\/www.tsv-buchbach.de\/fussball\/wp-json\/wp\/v2\/posts"}],"about":[{"href":"https:\/\/www.tsv-buchbach.de\/fussball\/wp-json\/wp\/v2\/types\/post"}],"author":[{"embeddable":true,"href":"https:\/\/www.tsv-buchbach.de\/fussball\/wp-json\/wp\/v2\/users\/4"}],"replies":[{"embeddable":true,"href":"https:\/\/www.tsv-buchbach.de\/fussball\/wp-json\/wp\/v2\/comments?post=3750"}],"version-history":[{"count":1,"href":"https:\/\/www.tsv-buchbach.de\/fussball\/wp-json\/wp\/v2\/posts\/3750\/revisions"}],"predecessor-version":[{"id":3752,"href":"https:\/\/www.tsv-buchbach.de\/fussball\/wp-json\/wp\/v2\/posts\/3750\/revisions\/3752"}],"wp:featuredmedia":[{"embeddable":true,"href":"https:\/\/www.tsv-buchbach.de\/fussball\/wp-json\/wp\/v2\/media\/3751"}],"wp:attachment":[{"href":"https:\/\/www.tsv-buchbach.de\/fussball\/wp-json\/wp\/v2\/media?parent=3750"}],"wp:term":[{"taxonomy":"category","embeddable":true,"href":"https:\/\/www.tsv-buchbach.de\/fussball\/wp-json\/wp\/v2\/categories?post=3750"},{"taxonomy":"post_tag","embeddable":true,"href":"https:\/\/www.tsv-buchbach.de\/fussball\/wp-json\/wp\/v2\/tags?post=3750"}],"curies":[{"name":"wp","href":"https:\/\/api.w.org\/{rel}","templated":true}]}}