{"id":3888,"date":"2020-10-27T22:22:00","date_gmt":"2020-10-27T21:22:00","guid":{"rendered":"https:\/\/www.tsv-buchbach.de\/fussball\/?p=3888"},"modified":"2020-11-14T14:17:10","modified_gmt":"2020-11-14T13:17:10","slug":"u15-erste-saisonniederlage-in-burghausen","status":"publish","type":"post","link":"https:\/\/www.tsv-buchbach.de\/fussball\/u15-erste-saisonniederlage-in-burghausen\/","title":{"rendered":"U15, Kreisliga, Vierter Sieg im f\u00fcnften Spiel"},"content":{"rendered":"\n<p><strong>27.10.2020, U15-Junioren, Kreisliag, F\u00fcnftes Spiel, Vierter Sieg: TSV Buchbach \u2013 JFG FC Bavaria Isengau 10:0&nbsp; (3:0)<\/strong><\/p>\n\n\n\n<p>Alle guten Dinge sind drei, dies passte auch f\u00fcr unsere C1-Junioren, denn nach zwei Absagen von Isengau wurde am 27.10. endlich der 4. Spieltag nachgeholt. Dabei stand das Spiel sogar noch auf der Kippe, da der Regen dem Platz in der SMR\u2013Arena ziemlich zugesetzt hatte. Doch die Abteilungsleitung in Form von Georg Hanslmaier dr\u00fcckte alle Augen zu, da es der gro\u00dfe Wunsch unserer Buben war, ein Heimspiel in der SMR\u2013Arena spielen zu d\u00fcrfen. Kurzerhand hat auch noch Seppe Grill, der schon bei den Buchbacher Herren das ein oder andere Spiel als Stadionsprecher \u00fcbernahm, seine Dienste auch f\u00fcr dieses Spiel angeboten, was nat\u00fcrlich ein weiteres Highlight darstellte. Vielen Dank an der Stelle, an die Abteilungsleitung, die Platzwarte und an Seppe Grill. Den Jungs war bereits beim Warmmachen anzusehen, dass sie hochmotiviert gegen die JFG (Spielgemeinschaft aus Waldkraiburg, Weidenbach und Aschau) ins Spiel gehen wollten. Doch unsere U15 lie\u00df sich wieder einmal Zeit, bis der spielerischen \u00dcberlegenheit auch das 1:0 folgte, als Johannes Wagner und Danilo Dantas sch\u00f6n kombinierten und letzterer einnetzte (26.). Das 2:0 fiel in der 31. Minute, als ein Pass von Jonas R\u00f6sch eigentlich mit zu wenig Druck gespielt wurde, doch Dominik Waltl. den dadurch entstandenen Zweikampf f\u00fcr sich entschied, bis zum 16er dribbelte und von dort den Ball unhaltbar ins kurze Kreuzeck h\u00e4mmerte. Drei Minuten sp\u00e4ter wurde Noel Laktatos in den Strafraum steil geschickt, dort legte er sich diesen noch \u201egem\u00fctlich\u201c auf seinen bevorzugten rechten Fu\u00df und schoss trocken zum 3:0 Halbzeitstand ein (34.). Zur Pause wurden die Jungs von Maria Hagl mit Tee versorgt (danke daf\u00fcr) und wir vereinbarten, in der zweiten Halbzeit nicht nachzulassen. Isengau wollte nat\u00fcrlich nach dem Pausentee noch einmal alles in die Waagschale werfen und versuchte es weiterhin vor allem mit langen B\u00e4llen \u00fcber die Abwehr, um deren St\u00fcrmer einzusetzen. Jedoch verpuffte jeglicher Versuch, da entweder unsere Keeper gut mitspielten oder unsere Verteidiger die f\u00e4lligen Laufduelle f\u00fcr sich entschieden. So ging es in der 43. Minute mit dem Toreschie\u00dfen weiter. Das 4:0 erzielte Luca H\u00fcbner nach einem Querpass von Danilo Dantas. Nun wechselte das Buchbacher Trainerteam den Torwart aus. Michael Baumgartner hatte die ganze Vorbereitung in der C1 und C2 mitgemacht und musste sich nur knapp gegen Lukas Zankl geschlagen geben. Somit war es hochverdient, dass auch er zu seinem Einsatz in der C1 kam. Auch er hielt den Kasten sauber und machte wie Lukas ein konzentriertes und gutes Spiel. Das 5:0 erzielte Danilo Dantas in der 50. Minute nach Zuspiel von Georg Schandl, der von Dominik Waltl gut eingesetzt wurde. Drei Minuten sp\u00e4ter war es der eingewechselte Sebastian Berger, welcher im 16er stark bedr\u00e4ngt wurde, sich aber durchsetzte und im Drehen ins lange Eck einschoss. Ein super Tor. Wieder drei Minuten sp\u00e4ter das 7:0 durch Johannes Wagner, der einen R\u00fcckpass von Lorenz Grill abschloss (57.). Jetzt lief die C1-Maschine heiss. Das 8:0 erzielte wiederum Sebastian Berger., der ebenfalls von Lorenz Grill bedient wurde (59.). Die dritte Vorlage in Folge durch Lorenz Grill in der 61. Minute auf Luca H\u00fcbner brachte das 9:0. Man hatte schon den Verdacht, dass die in blau angetretenen Buchbacher nun Gnade walten wollten, da die weiteren neun Minuten keine der sehr guten Chancen mehr verwertet wurden. Als jedoch Sebastian Berger in der 70. Minute Dominik Waitl via Steilpass auf die Reise schickte und der G\u00e4stetorwart im Kasten blieb, konnte Dominik Waitlr zum 10:0 Endstand einschieben (70.). Anschlie\u00dfend pfiff der gut leitende Schiedsrichter Spitale die Partie ab. <\/p>\n\n\n\n<p>Das letzte Meisterschaftsspiel gegen Sch\u00f6nau wurde aufgrund des Lockdowns im Berchtesgadener Land verschoben. Nun hoffen wir alle, dass das Spiel im Fr\u00fchjahr erfolgreich nachgeholt wird und wir uns somit f\u00fcr das Relegationsspiel zur Bezirksoberliga qualifizieren. Die Ausgangslage ist mehr als gut. Nur Sch\u00f6nau kann Buchbach als Tabellenzweiten noch \u00fcberfl\u00fcgeln, dies aber auch nur theoretisch. Sch\u00f6nau hat erst zwei Spiele absolviert, muss also zun\u00e4chst seine drei Nacholspiele gewinnen und dazu noch das &#8222;Finale&#8220; gegen Buchbach. Bis dahin hei\u00dft es f\u00fcr unsere Jungs erst einmal zu Hause flei\u00dfig sein, um nach dem Lockdown hoffentlich wieder trainieren zu d\u00fcrfen, um 2021 wieder voll angreifen zu k\u00f6nnen.<\/p>\n\n\n\n<p><strong>Kader:<\/strong>&nbsp;Lukas Zankl, Quirin Aigner, Jonas R\u00f6sch, Simon Hagl, Georg Schandl, Dominik Vogler, Luca H\u00fcbner, Danilo Dantas, Noel Lakatos, Dominik Waltl, Constantin Rychlik \u2013 Sebastian Berger, Johannes Wagner, Lorenz Grill, Lorenz Soyer, Michael Baumgartner<\/p>\n\n\n\n<p><strong>Gelbe Karte:&nbsp;<\/strong>Dominik Vogler (18.)<\/p>\n\n\n\n<p><strong>Tore:<\/strong>&nbsp;Danilo (2), Dominik W. (2), Luca (2), Sebastian (2), Noel, Johannes<\/p>\n\n\n\n<figure class=\"wp-block-image size-large\"><img fetchpriority=\"high\" decoding=\"async\" width=\"1024\" height=\"683\" src=\"https:\/\/www.tsv-buchbach.de\/fussball\/wp-content\/uploads\/2020\/11\/36bf112a-cb11-44fd-82b6-c35897040080-1024x683.jpg\" alt=\"\" class=\"wp-image-4108\" srcset=\"https:\/\/www.tsv-buchbach.de\/fussball\/wp-content\/uploads\/2020\/11\/36bf112a-cb11-44fd-82b6-c35897040080-1024x683.jpg 1024w, https:\/\/www.tsv-buchbach.de\/fussball\/wp-content\/uploads\/2020\/11\/36bf112a-cb11-44fd-82b6-c35897040080-300x200.jpg 300w, https:\/\/www.tsv-buchbach.de\/fussball\/wp-content\/uploads\/2020\/11\/36bf112a-cb11-44fd-82b6-c35897040080-768x512.jpg 768w, https:\/\/www.tsv-buchbach.de\/fussball\/wp-content\/uploads\/2020\/11\/36bf112a-cb11-44fd-82b6-c35897040080-310x207.jpg 310w, https:\/\/www.tsv-buchbach.de\/fussball\/wp-content\/uploads\/2020\/11\/36bf112a-cb11-44fd-82b6-c35897040080-60x40.jpg 60w, https:\/\/www.tsv-buchbach.de\/fussball\/wp-content\/uploads\/2020\/11\/36bf112a-cb11-44fd-82b6-c35897040080-360x240.jpg 360w, https:\/\/www.tsv-buchbach.de\/fussball\/wp-content\/uploads\/2020\/11\/36bf112a-cb11-44fd-82b6-c35897040080-98x65.jpg 98w, https:\/\/www.tsv-buchbach.de\/fussball\/wp-content\/uploads\/2020\/11\/36bf112a-cb11-44fd-82b6-c35897040080-600x400.jpg 600w, https:\/\/www.tsv-buchbach.de\/fussball\/wp-content\/uploads\/2020\/11\/36bf112a-cb11-44fd-82b6-c35897040080.jpg 1500w\" sizes=\"(max-width: 1024px) 100vw, 1024px\" \/><figcaption>Kurze Ansprache nach dem Spiel<\/figcaption><\/figure>\n\n\n\n<figure class=\"wp-block-image size-large\"><img decoding=\"async\" width=\"1024\" height=\"683\" src=\"https:\/\/www.tsv-buchbach.de\/fussball\/wp-content\/uploads\/2020\/11\/a8ed149e-48d1-46e2-84a4-9e6646475054-1024x683.jpg\" alt=\"\" class=\"wp-image-4109\" srcset=\"https:\/\/www.tsv-buchbach.de\/fussball\/wp-content\/uploads\/2020\/11\/a8ed149e-48d1-46e2-84a4-9e6646475054-1024x683.jpg 1024w, https:\/\/www.tsv-buchbach.de\/fussball\/wp-content\/uploads\/2020\/11\/a8ed149e-48d1-46e2-84a4-9e6646475054-300x200.jpg 300w, https:\/\/www.tsv-buchbach.de\/fussball\/wp-content\/uploads\/2020\/11\/a8ed149e-48d1-46e2-84a4-9e6646475054-768x512.jpg 768w, https:\/\/www.tsv-buchbach.de\/fussball\/wp-content\/uploads\/2020\/11\/a8ed149e-48d1-46e2-84a4-9e6646475054-310x207.jpg 310w, https:\/\/www.tsv-buchbach.de\/fussball\/wp-content\/uploads\/2020\/11\/a8ed149e-48d1-46e2-84a4-9e6646475054-60x40.jpg 60w, https:\/\/www.tsv-buchbach.de\/fussball\/wp-content\/uploads\/2020\/11\/a8ed149e-48d1-46e2-84a4-9e6646475054-360x240.jpg 360w, https:\/\/www.tsv-buchbach.de\/fussball\/wp-content\/uploads\/2020\/11\/a8ed149e-48d1-46e2-84a4-9e6646475054-98x65.jpg 98w, https:\/\/www.tsv-buchbach.de\/fussball\/wp-content\/uploads\/2020\/11\/a8ed149e-48d1-46e2-84a4-9e6646475054-600x400.jpg 600w, https:\/\/www.tsv-buchbach.de\/fussball\/wp-content\/uploads\/2020\/11\/a8ed149e-48d1-46e2-84a4-9e6646475054.jpg 1500w\" sizes=\"(max-width: 1024px) 100vw, 1024px\" \/><figcaption>Freude nach einem Tor<\/figcaption><\/figure>\n\n\n\n<p><strong>23.10.2020, U15-Junioren, Kreisliga, Viertes Spiel, Dritter Sieg, TSV Buchbach &#8211; JFG FC Holzland 5:0 (1:0)<\/strong><\/p>\n\n\n\n<p>Im Bewu\u00dftsein um die St\u00e4rken des Gegners wollten sich unsere Buben wieder auf ihr K\u00f6nnen konzentrieren, aber dennoch den Gegner aufgrund des hohen Vorbereitungssieges nicht untersch\u00e4tzen. Und so startete die U15 denn auch mit konzentriertem Passspiel. Der Gegner wurde fr\u00fch angelaufen und kein Zweikampf gescheut. In der 31. Minute segelte die zweite gef\u00e4hrliche Ecke von Johannes Wagner vor das gegnerische Tor, und Dominik Waltl schob den Ball zum 1:0 \u00fcber die Linie. Wohlwissend, dass der Gegner in der zweiten H\u00e4lfte noch einmal alles in die Waagschale werfen w\u00fcrde, machten die in blau spielenden Buchbacher klar, dass es heute keinen anderen Sieger geben wird. Das 2:0 fiel, nachdem Dominik Vogler einen Zweikampf im Mittelfeld gewann, Dominik Waltl auf die Reise schickte und dieser von keinem Gegner mehr gestoppt werden konnte, so dass er ungehindert ins kurze Eck einschoss. Vier Minuten sp\u00e4ter war es dann Dominik Vogler selbst, der aus gut 20 Meter abzog. Der Aufsetzer sprang h\u00f6her als erwartet ab und landete daher unhaltbar zum 3:0 im Tor (41.). Beim 4:0 (51.) startete Dominik Vogler ein Wahnsinns-Solo in Messi-Manier und schloss erfolgreich ab. Erw\u00e4hnenswert war die Fairplay-Aktion des G\u00e4stest\u00fcrmers, als der gut leitende Schiedsrichter Spitale aus Gars auf den Punkt f\u00fcr Holzland zeigte, der Bub aber zugab, nicht gefoult worden zu sein. Gro\u00dfartige Aktion!!! Den Abschluss leitete TW Lukas Zankl ein, als er mit einen gewaltigen Abschlag das dritte Tor von Dominik Waltl vorbereitete, als dieser sich \u201enur\u201c noch den Ball schnappen musste und gegen den G\u00e4stekeeper einschieben brauchte (63). <strong>Am kommenden Dienstag 27.10.2020 spielt unsere C1 um 19:30 Uhr in der SMR Arena Buchbach gegen die JFG FC Bavaria Isengau<\/strong><\/p>\n\n\n\n<p><strong>Kader:<\/strong>&nbsp;Lukas Zankl, Lorenz Soyer, Jonas R\u00f6sch, Simon Hagl, Georg Schandl, Dominik Vogler, Luca H\u00fcbner, Dominik Waltl, Danilo Dantas, Johannes Wagner \u2013 Konstantin Rychlik, Sebastian Berger, Quirin Aigner,<\/p>\n\n\n\n<p><strong>Tore:<\/strong>&nbsp;Dominik Waltl (3), Dominik (Nick) Vogler (2)<\/p>\n\n\n\n<figure class=\"wp-block-image size-large\"><img decoding=\"async\" width=\"1024\" height=\"556\" src=\"https:\/\/www.tsv-buchbach.de\/fussball\/wp-content\/uploads\/2020\/10\/1-1024x556.jpeg\" alt=\"\" class=\"wp-image-4039\" srcset=\"https:\/\/www.tsv-buchbach.de\/fussball\/wp-content\/uploads\/2020\/10\/1-1024x556.jpeg 1024w, https:\/\/www.tsv-buchbach.de\/fussball\/wp-content\/uploads\/2020\/10\/1-300x163.jpeg 300w, https:\/\/www.tsv-buchbach.de\/fussball\/wp-content\/uploads\/2020\/10\/1-768x417.jpeg 768w, https:\/\/www.tsv-buchbach.de\/fussball\/wp-content\/uploads\/2020\/10\/1-310x168.jpeg 310w, https:\/\/www.tsv-buchbach.de\/fussball\/wp-content\/uploads\/2020\/10\/1-60x33.jpeg 60w, https:\/\/www.tsv-buchbach.de\/fussball\/wp-content\/uploads\/2020\/10\/1-98x53.jpeg 98w, https:\/\/www.tsv-buchbach.de\/fussball\/wp-content\/uploads\/2020\/10\/1-600x326.jpeg 600w, https:\/\/www.tsv-buchbach.de\/fussball\/wp-content\/uploads\/2020\/10\/1.jpeg 1108w\" sizes=\"(max-width: 1024px) 100vw, 1024px\" \/><\/figure>\n\n\n\n<figure class=\"wp-block-image size-large\"><img loading=\"lazy\" decoding=\"async\" width=\"1024\" height=\"683\" src=\"https:\/\/www.tsv-buchbach.de\/fussball\/wp-content\/uploads\/2020\/10\/WhatsApp-Image-2020-10-23-at-22.10.57-4-1024x683.jpeg\" alt=\"\" class=\"wp-image-4032\" srcset=\"https:\/\/www.tsv-buchbach.de\/fussball\/wp-content\/uploads\/2020\/10\/WhatsApp-Image-2020-10-23-at-22.10.57-4-1024x683.jpeg 1024w, https:\/\/www.tsv-buchbach.de\/fussball\/wp-content\/uploads\/2020\/10\/WhatsApp-Image-2020-10-23-at-22.10.57-4-300x200.jpeg 300w, https:\/\/www.tsv-buchbach.de\/fussball\/wp-content\/uploads\/2020\/10\/WhatsApp-Image-2020-10-23-at-22.10.57-4-768x512.jpeg 768w, https:\/\/www.tsv-buchbach.de\/fussball\/wp-content\/uploads\/2020\/10\/WhatsApp-Image-2020-10-23-at-22.10.57-4-310x207.jpeg 310w, https:\/\/www.tsv-buchbach.de\/fussball\/wp-content\/uploads\/2020\/10\/WhatsApp-Image-2020-10-23-at-22.10.57-4-60x40.jpeg 60w, https:\/\/www.tsv-buchbach.de\/fussball\/wp-content\/uploads\/2020\/10\/WhatsApp-Image-2020-10-23-at-22.10.57-4-360x240.jpeg 360w, https:\/\/www.tsv-buchbach.de\/fussball\/wp-content\/uploads\/2020\/10\/WhatsApp-Image-2020-10-23-at-22.10.57-4-98x65.jpeg 98w, https:\/\/www.tsv-buchbach.de\/fussball\/wp-content\/uploads\/2020\/10\/WhatsApp-Image-2020-10-23-at-22.10.57-4-600x400.jpeg 600w, https:\/\/www.tsv-buchbach.de\/fussball\/wp-content\/uploads\/2020\/10\/WhatsApp-Image-2020-10-23-at-22.10.57-4.jpeg 1500w\" sizes=\"(max-width: 1024px) 100vw, 1024px\" \/><figcaption>Fr\u00f6hliche Stimmung nach dem Sieg. Foto: Lara Rachl<\/figcaption><\/figure>\n\n\n\n<p><strong>03.10.2020, U15-Junioren, Kreisliga, Drittes Spiel, Erste Niederlage: SV Wacker Burghausen III&nbsp; &#8211; TSV Buchbach:&nbsp;2:1 (1:0)<\/strong><\/p>\n\n\n\n<p>Am Samstag um 17.30 Uhr starte das Spiel auf Kunstrasen. Leider konnte die U15 nicht das zuletzt gute Passspiel aufziehen. Dabei begann Buchbach wieder aus einer sicheren Abwehr heraus, das Spiel nach vorne zu tragen. Es ergaben sich einige Chancen, um in F\u00fchrung zu gehen. Leider wurde entweder der letzte Pass in den R\u00fcckraum zu ungenau gespielt oder nach einer Ecke zu lange gez\u00f6gert, anstatt eiskalt ins leere Eck einzuschieben. Eigentlich hatte man das Gef\u00fchl, dass es nur eine Frage der Zeit sei, bis das erste Tor f\u00fcr den TSV fallen w\u00fcrde, w\u00e4hrend Wacker aus den eigenen Angriffsbem\u00fchungen keine Chancen kreierte. Lediglich der sonst so souver\u00e4n herausspielende Torwart Lukas Zankl hatte an diesem Samstag einen rabenschwarzen Tag erwischt, als er wiederholt den Gegenspieler anstatt einen Buchbacher anspielte. Beim dritten Mal konnte ein Burghausener das Leder aus zwanzig Metern ins leere Tor zum 1:0 einschieben (28.). Der Spielverlauf war auf den Kopf gestellt. Neu eingestellt und hochmotiviert gingen die Jungs in den roten Leibchen nach der Halbzeit pause auf den Platz, davon \u00fcberzeugt, das Spiel drehen zu k\u00f6nnen. Dem Trainerteam gelang es dieses Mal leider nicht, trotz diverser Umstellungen und unz\u00e4hligen Versuchen unserer Jungs, den Wacker-Abwehrriegel von 9 Mann um den eigenen 16er zu knacken. So kam es, wie es kommen musste. In der 62. Minute startete der Wackerst\u00fcrmer aus stark abseitsverd\u00e4chtiger Position einen Alleingang Richtung Buchbacher Tor. Buchbachs Innenverteidiger verlor den entscheidenden Zweikampf und der Wackerst\u00fcrmer legte den Ball am unn\u00f6tig herausgeeilten Torwart vorbei zum 2:0 in die Maschen. Buchbachs U15 k\u00e4mpfte weiter gegen die drohende Niederlage und kam in der zweiten Minute der Nachspielzeit zum 2:1- Ehrentreffer, als Danilo Steil geschickt wurde und den Ball eiskalt in die Maschen h\u00e4mmerte. Anschlie\u00dfend war Schluss. Die U15  hatte  letztendlich verdient in Burghausen verloren. <\/p>\n\n\n\n<p>Kade<strong>r:<\/strong> Lukas Zankl, Niklas Heid, Jonas R\u00f6sch, Simon Hagl, Georg Schandl, Dominik Vogler, Luca H\u00fcbner, Quirin Aigner, Dominik Waltl, Danilo Dantas &#8211; Konstantin Rychlik, Lorenz Soyer, Johannes Wagner, Sebastian Berger <\/p>\n\n\n\n<p><strong>27.09.2020,<\/strong> <strong>U15-Junioren, Kreisliga, Zweites Spiel, Zweiter Sieg: TSV Buchbach&nbsp;&#8211; JFG Salzachtal&nbsp;9:0 (3:0)<\/strong><\/p>\n\n\n\n<p>Sonntag 11 Uhr Sonnenschein, was gibt es sch\u00f6neres als ein wenig Fu\u00dfball zu spielen. Das hat sich unsere U15 gegen die JFG Salzachthal auch gedacht. Gewarnt von deren 2:2 in der Vorbereitung gegen Wackers BOL-Truppe, waren unsere Jungs von der ersten Minute hellwach, konzentriert in den Zweik\u00e4mpfen und die ersten P\u00e4sse wollten auch gut gelingen. Nach 7 Minuten konnte Danilo zum 1:0 einschie\u00dfen, als nach einem Einwurf von der rechten Seite schnell \u00fcber zwei Stationen nach links verlagert wurde. Eine Minute sp\u00e4ter lief Consti den Innenverteidiger musterg\u00fcltig an, gewann den Zweikampf und lag von der Grundlinie auf Luca auf, der zum 2:0 einschob (8.). Anschlie\u00dfend hatten unsere Rotleibchen noch viele gute Szenen, konnten aber das 3:0 nicht erzielen. Erst in der 33. Minute wurde Niki H. steil geschickt, dieser legte quer auf Consti, 3:0 was auch den Halbzeitstand bedeutete. Nach der Pause starteten wir nicht optimal, dennoch konnte in der 43. das 4:0 erzielt werden. Luca schickte Noel steil, der konnte im Alleingang souver\u00e4n einschieben. Ab der 57. Minute wurde die Gegenwehr von Salzachtal immer weniger und so konnten sie gegen unsere zum Teil sehr gut herausgespielten Angriffe nicht mehr viel dagegen setzen. Als Quirin im vollen Lauf zur Grundlinie unterwegs war und lehrbuchm\u00e4\u00dfig auf den sich nach hinten absetzenden Constantin zur\u00fccklegte und er nur noch einnetzen musste (5:0). In der 61. brauchte Luca einen Abpraller nach sch\u00f6nen Schuss aus 16 Meter von Consti, nur noch einschieben (6:0). 5 Minuten sp\u00e4ter sah man eine Kopie vom 5:0, als wieder Quirin zur Grundlinie lief und auf Consti zur\u00fccklegte 7:0. Das 8:0 erzielte Noel nach einer sch\u00f6nen Einzelleistung, als er anstatt abzuspielen lieber 3 Gegner austanzte, aber der Erfolg gab ihm recht. Den Schlusspunkt setzte in dieser tollen Begegnung wieder Consti mit seinem 4. Tor an diesem Tag, der via Querpass von Noel super in Szene gesetzt wurde 9:0 (70.).<\/p>\n\n\n\n<p>Kader: Lukas Zankl, Lorenz Soyer, Jonas R\u00f6sch, Simon Hagl, Niklas Heid, Dominik Vogler, Luca H\u00fcbner, Noel Lakatos, Danilo Oliveira, Dominik Waltl, Constantin Rychlik &#8211; Georg Schandl, Sebastian Berger, Johannes Wagner, Constantin Rychlik<\/p>\n\n\n\n<p>Tore: Constantin Rychlik (4), Luca H\u00fcbner (2) Noel Lakatos (2), Danilo Oliveira <\/p>\n\n\n\n<p><strong>19.09.2020, U15-Junioren, Kreisliga, Erstes Spiel, Erster Sieg: JFG \u00d6tting &#8211; TSV Buchbach&nbsp;3:4&nbsp;(2:2)<\/strong><\/p>\n\n\n\n<p>Schon der erste Spieltag hatte es aus zwei Gr\u00fcnden in sich: Das zweite Vorbereitungsspiel war gegen \u00d6tting 3:5 verloren worden, und die \u00d6ttinger m\u00f6chten ein W\u00f6rtchen um die Meisterschaft mitreden. Entsprechend gewarnt, aber auch gut eingestellt, ging es also nach Alt\u00f6tting. Das Spiel startete optimal, als Luca H\u00fcbner den startenden Danilo Oliveira in der dritten Minute steil schickte und der eiskalt zum 1:0 einschob. In den n\u00e4chsten 15 Minuten wurde das Spiel komplett in die \u00d6ttinger H\u00e4lfte verlagert, ehe aus dem nichts der Ausgleichstreffer fiel. Ein \u00d6ttinger konnte sich bis zur Grundlinie durchk\u00e4mpfen und legte den Ball musterg\u00fcltig zur\u00fcck. Obwohl im 16er \u00dcberzahl herrschte, konnte der \u00d6ttinger unbedr\u00e4ngt aus 14 Metern einschieben (20.). Nur 4 Minuten sp\u00e4ter fasste sich Basti Berger ein Herz und schoss aus 16 Metern unhaltbar ins lange Eck (24.). Der erneute Ausgleich dauerte dieses Mal leider nur eine Minute. Nach einem Eckball stoppte Luca den Ball musterg\u00fcltig mit der Brust, jedoch leider direkt vor die F\u00fc\u00dfe des Gegners, der aus sieben Metern ins Kreuzeck abschloss. F\u00fcr die zweite H\u00e4lfte schob Coach Daniel H\u00fcbner Au\u00dfenverteidiger Dominik Waltl. und Noel Lakatos ins Mittelfeld, um noch mehr Pr\u00e4senz in den sich bietenden R\u00e4umen zu haben. Doch zuerst kam es ganz dick f\u00fcr die Buchbacher, als der \u00d6ttinger Mittelfeldspieler die Au\u00dfenbahn bis zur Grundlinie und rein bis zum Tor laufen konnte, um im zweiten Versuch zum 2:3 abzuschlie\u00dfen (52). Anschlie\u00dfend spielte nur noch der TSV, allerdings wollte au\u00dfer Pfosten und Latte leider nichts Z\u00e4hlbares herauskommen. in der 61. Minute fing Jonas R\u00f6sch einen versuchten Steilpass ab und traf aus 25 Metern den Pfosten. Jedoch stand Johannes Wagner genau richtig und schoss zum 3:3 ein (61.). Nun war klar, die Jungs wollten das Spiel unbedingt gewinnen. In der 63.&nbsp;versuchte es Luca von 16 Meter, der Keeper konnte nur abklatschen und Danilo schob zum vielumjubelten 3:4 Endstand ein. In den restlichen sieben Minuten wurde das Spiel klar beherrscht, der Gegner hatte keine nennenswerte Szene mehr. Was f\u00fcr ein Auftakt f\u00fcr unsere U15-Buben, weiter so!<br><br>Kader:&nbsp;Lukas Zankl, Niklas Heid, Noel Lakatos, Simon Hagl, Dominik Waltl, Dominik Vogler, Luca H\u00fcbner, Sebastian Berger, Danilo Oliveira, Quirin Aigner, Constantin Rychlik \u2013 Georg Schandl, Jonas R\u00f6sch, Lorenz Soyer, Johannes Wagner<\/p>\n\n\n\n<p>Tore:&nbsp;Danilo Oliveira (2), Berger Sebastian, Johannis Wagner<\/p>\n\n\n\n<p><strong>27.09.2020, U15 stellt in der Saison 2020\/2021 drei Mannschaften<\/strong><\/p>\n\n\n\n<p>Eigentlich hat die C-Jugend der gro\u00dfen Spielgemeinschaft SG GOSB ein Luxusproblem. Zum Trainingsstart am 7. Juli 2020 fanden sich 57 Spieler des Jahrgang 2006\/07 auf den Spielerlisten der sieben Trainer. So wurden die ersten Trainingswochen gemeinsam durchgef\u00fchrt, um sich einen \u00dcberblick der einzelnen Spieler zu verschaffen. Mittlerweile trainieren in der C3 unter Chefcoach Michael Dietl, unterst\u00fctzt von seinem Vater Christian Dietl, 17 Spieler. Hervorzuheben ist hier, dass die Trainingsbeteiligung wie bei allen drei Mannschaften stehts sehr hoch ist und nach dem ersten deutlichen Sieg im Vorbereitungsspiel gegen Holzland II, sich eine sehr gute Truppe zusammengefunden hat. Die C2 Mannschaft unter der Leitung des Trainerteams Christian Matschi und Hans Greimel ist ebenfalls am Ende der Vorbereitung. Die relativ junge Mannschaft, welche neben gestandenen 2006er Recken, mit 2007er Talenten gespickt ist, wird sich heuer in der Kreisklasse beweisen k\u00f6nnen. Ebenfalls 17 Spieler sollen sich nicht nur im Training, sondern auch in den Kreisklassenspielen bestm\u00f6glich weiterentwickeln. Die restlichen 16 Spieler bilden den Kader der heurigen C1, welche wieder in der Kreisliga an den Start gehen werden. Auch wenn Trainer Daniel H\u00fcbner, der von Lara Rachl unterst\u00fctzt wird, nicht mit jedem Vorbereitungsspiel zufrieden war, ist jedoch zu erkennen, dass hier eine Mannschaft mit gro\u00dfem Potential vorhanden ist.  Das Trainerteam komplettiert Torwarttrainer Johannes Baumgartner. Im Bild: C1 und C2<\/p>\n\n\n\n<figure class=\"wp-block-image size-large\"><img loading=\"lazy\" decoding=\"async\" width=\"1024\" height=\"576\" src=\"https:\/\/www.tsv-buchbach.de\/fussball\/wp-content\/uploads\/2020\/09\/DJI_0142-1024x576.jpg\" alt=\"\" class=\"wp-image-3778\" srcset=\"https:\/\/www.tsv-buchbach.de\/fussball\/wp-content\/uploads\/2020\/09\/DJI_0142-1024x576.jpg 1024w, https:\/\/www.tsv-buchbach.de\/fussball\/wp-content\/uploads\/2020\/09\/DJI_0142-300x169.jpg 300w, https:\/\/www.tsv-buchbach.de\/fussball\/wp-content\/uploads\/2020\/09\/DJI_0142-768x432.jpg 768w, https:\/\/www.tsv-buchbach.de\/fussball\/wp-content\/uploads\/2020\/09\/DJI_0142-1536x864.jpg 1536w, https:\/\/www.tsv-buchbach.de\/fussball\/wp-content\/uploads\/2020\/09\/DJI_0142-scaled.jpg 2048w, https:\/\/www.tsv-buchbach.de\/fussball\/wp-content\/uploads\/2020\/09\/DJI_0142-310x174.jpg 310w, https:\/\/www.tsv-buchbach.de\/fussball\/wp-content\/uploads\/2020\/09\/DJI_0142-60x34.jpg 60w, https:\/\/www.tsv-buchbach.de\/fussball\/wp-content\/uploads\/2020\/09\/DJI_0142-98x55.jpg 98w, https:\/\/www.tsv-buchbach.de\/fussball\/wp-content\/uploads\/2020\/09\/DJI_0142-600x338.jpg 600w\" sizes=\"(max-width: 1024px) 100vw, 1024px\" \/><figcaption>DCIM100MEDIADJI_0142.JPG<\/figcaption><\/figure>\n\n\n<p><!--EndFragment--><\/p>\n\n\n<p>17.07.2020, U15, Trainingsauftakt<\/p>\n\n\n\n<p>Kam die Entscheidung des BFV bez\u00fcglich dem Saisonabbruch bei den m\u00e4nnlichen Jugendmannschaften nach vielen Diskussionen auf h\u00f6herer Ebene doch f\u00fcr alle \u00dcberraschend, so hatte unsere sportliche Leitung im Jugendbereich alle H\u00e4nde voll zu tun, um bis zum Trainingsstart alle Trainerkonstellationen auf die F\u00fc\u00dfe zu stellen. Schlie\u00dflich wollte man nach dieser Entscheidung wieder baldm\u00f6glichst umstellen, um die Kids auf die Saison vorbereiten zu lassen. So stand p\u00fcnktlich zum ersten Training am 7. Juli das neue Trainerteam fest. So zeichnen f\u00fcr die k\u00fcnftige C1 Daniel H\u00fcbner und Lara Rachl, f\u00fcr die C2 Christian Matschi und Hans Greimel und f\u00fcr die C3 Michael Dietl und Christian Dietl verantwortlich. Vervollst\u00e4ndigt wird das Trainerteam durch Johannes Baumgartner, der sich einmal die Woche um die Keeper k\u00fcmmert. Zusammen sind die 6 Mannschaftstrainer verantwortlich f\u00fcr derzeit 57 Spieler. Aufgrund dieser Anzahl an Spieler plant man sogar noch eine C4 im Flexmodel zu melden, um alle Spieler auf den Platz schicken zu k\u00f6nnen. F\u00fcr die kommende Spielzeit sind anstatt dem bisher bekannten Ligamodell, eine Umstellung in sogenannte Meldeligen angedacht. So kann der Verein vor der Saison die Mannschaft einsch\u00e4tzen und entsprechend der St\u00e4rke in der Gruppe, Kreisklasse oder Kreisliga melden. Dieses neue Model erm\u00f6glicht uns, dass unsere mit Sicherheit auch gute C2 anstatt in der Gruppe, unserer Meinung nach leistungsgerecht in der Kreisklasse starten kann. Die aktuellen Lockerungen im Training kommen uns Trainern nat\u00fcrlich sehr entgegen, da die Aufgabe, 57 Spielern in drei Kader zu unterteilen, nicht die einfachste it. Wir haben die gl\u00fcckliche Situation, dass wir nicht nur viele sondern auch viele gute Spieler in unseren Reihen haben. Somit hoffen wir nat\u00fcrlich noch auf die n\u00e4chste f\u00fcr uns gro\u00dfe Lockerung, auch wieder Freundschaftsspiele absolvieren zu d\u00fcrfen.<\/p>\n\n\n\n<figure class=\"wp-block-image size-large\"><img loading=\"lazy\" decoding=\"async\" width=\"1024\" height=\"515\" src=\"https:\/\/www.tsv-buchbach.de\/fussball\/wp-content\/uploads\/2020\/09\/200908-c1-jugend-1024x515.jpg\" alt=\"\" class=\"wp-image-3617\" srcset=\"https:\/\/www.tsv-buchbach.de\/fussball\/wp-content\/uploads\/2020\/09\/200908-c1-jugend-1024x515.jpg 1024w, https:\/\/www.tsv-buchbach.de\/fussball\/wp-content\/uploads\/2020\/09\/200908-c1-jugend-300x151.jpg 300w, https:\/\/www.tsv-buchbach.de\/fussball\/wp-content\/uploads\/2020\/09\/200908-c1-jugend-768x387.jpg 768w, https:\/\/www.tsv-buchbach.de\/fussball\/wp-content\/uploads\/2020\/09\/200908-c1-jugend-1536x773.jpg 1536w, https:\/\/www.tsv-buchbach.de\/fussball\/wp-content\/uploads\/2020\/09\/200908-c1-jugend-scaled.jpg 2048w, https:\/\/www.tsv-buchbach.de\/fussball\/wp-content\/uploads\/2020\/09\/200908-c1-jugend-310x156.jpg 310w, https:\/\/www.tsv-buchbach.de\/fussball\/wp-content\/uploads\/2020\/09\/200908-c1-jugend-60x30.jpg 60w, https:\/\/www.tsv-buchbach.de\/fussball\/wp-content\/uploads\/2020\/09\/200908-c1-jugend-128x64.jpg 128w, https:\/\/www.tsv-buchbach.de\/fussball\/wp-content\/uploads\/2020\/09\/200908-c1-jugend-32x16.jpg 32w, https:\/\/www.tsv-buchbach.de\/fussball\/wp-content\/uploads\/2020\/09\/200908-c1-jugend-98x49.jpg 98w, https:\/\/www.tsv-buchbach.de\/fussball\/wp-content\/uploads\/2020\/09\/200908-c1-jugend-600x302.jpg 600w\" sizes=\"(max-width: 1024px) 100vw, 1024px\" \/><figcaption>C1-Jugend mit Trainer Daniel H\u00fcbner und Co-Trainerin Lara Rachl <\/figcaption><\/figure>\n","protected":false},"excerpt":{"rendered":"<p>27.10.2020, U15-Junioren, Kreisliag, F\u00fcnftes Spiel, Vierter Sieg: TSV Buchbach \u2013 JFG FC Bavaria Isengau 10:0&nbsp; (3:0) Alle guten Dinge sind drei, dies passte auch f\u00fcr unsere C1-Junioren, denn nach zwei&#8230;<\/p>\n","protected":false},"author":6,"featured_media":4107,"comment_status":"closed","ping_status":"open","sticky":false,"template":"","format":"standard","meta":{"footnotes":""},"categories":[64],"tags":[],"class_list":["post-3888","post","type-post","status-publish","format-standard","has-post-thumbnail","hentry","category-jugend"],"_links":{"self":[{"href":"https:\/\/www.tsv-buchbach.de\/fussball\/wp-json\/wp\/v2\/posts\/3888","targetHints":{"allow":["GET"]}}],"collection":[{"href":"https:\/\/www.tsv-buchbach.de\/fussball\/wp-json\/wp\/v2\/posts"}],"about":[{"href":"https:\/\/www.tsv-buchbach.de\/fussball\/wp-json\/wp\/v2\/types\/post"}],"author":[{"embeddable":true,"href":"https:\/\/www.tsv-buchbach.de\/fussball\/wp-json\/wp\/v2\/users\/6"}],"replies":[{"embeddable":true,"href":"https:\/\/www.tsv-buchbach.de\/fussball\/wp-json\/wp\/v2\/comments?post=3888"}],"version-history":[{"count":18,"href":"https:\/\/www.tsv-buchbach.de\/fussball\/wp-json\/wp\/v2\/posts\/3888\/revisions"}],"predecessor-version":[{"id":4131,"href":"https:\/\/www.tsv-buchbach.de\/fussball\/wp-json\/wp\/v2\/posts\/3888\/revisions\/4131"}],"wp:featuredmedia":[{"embeddable":true,"href":"https:\/\/www.tsv-buchbach.de\/fussball\/wp-json\/wp\/v2\/media\/4107"}],"wp:attachment":[{"href":"https:\/\/www.tsv-buchbach.de\/fussball\/wp-json\/wp\/v2\/media?parent=3888"}],"wp:term":[{"taxonomy":"category","embeddable":true,"href":"https:\/\/www.tsv-buchbach.de\/fussball\/wp-json\/wp\/v2\/categories?post=3888"},{"taxonomy":"post_tag","embeddable":true,"href":"https:\/\/www.tsv-buchbach.de\/fussball\/wp-json\/wp\/v2\/tags?post=3888"}],"curies":[{"name":"wp","href":"https:\/\/api.w.org\/{rel}","templated":true}]}}