{"id":4041,"date":"2020-10-25T20:54:33","date_gmt":"2020-10-25T19:54:33","guid":{"rendered":"https:\/\/www.tsv-buchbach.de\/fussball\/?p=4041"},"modified":"2020-11-14T13:56:50","modified_gmt":"2020-11-14T12:56:50","slug":"u15-fa-lechner-sponsert-winterjacken","status":"publish","type":"post","link":"https:\/\/www.tsv-buchbach.de\/fussball\/u15-fa-lechner-sponsert-winterjacken\/","title":{"rendered":"U15, Firma Lechner sponsert Winterjacken"},"content":{"rendered":"\n<p>Im Vorfeld des Spiels gegen die JFG FC Holzland \u00fcberreichte Thomas Lechner, Gesch\u00e4ftsf\u00fchrer der Johann Lechner GmbH, unseren C-Jugendspielern Winterjacken f\u00fcr die Ersatzspieler sowie den beiden Trainern Lara Rachl und Daniel H\u00fcbner.&nbsp; Ein paar Wochen zuvor kam Thomas mit seiner Frau Tanja auf uns Trainer zu und meinten, dass es doch gut w\u00e4re, wenn die Spieler nach der Auswechslung in eine warme Winterjacke schl\u00fcpfen k\u00f6nnten und boten kurzerhand an, diese zu sponsern. Bereits beim Flutlichtspiel an diesem Abend konnten die Jacken getestet werden und kamen super bei den Buben an. <strong>Vielen Dank an die Lechner`s<\/strong><\/p>\n\n\n\n<figure class=\"wp-block-image size-large is-resized\"><img fetchpriority=\"high\" decoding=\"async\" src=\"https:\/\/www.tsv-buchbach.de\/fussball\/wp-content\/uploads\/2020\/10\/Lechner-2-1024x683.jpeg\" alt=\"\" class=\"wp-image-4044\" width=\"1070\" height=\"714\" srcset=\"https:\/\/www.tsv-buchbach.de\/fussball\/wp-content\/uploads\/2020\/10\/Lechner-2-1024x683.jpeg 1024w, https:\/\/www.tsv-buchbach.de\/fussball\/wp-content\/uploads\/2020\/10\/Lechner-2-300x200.jpeg 300w, https:\/\/www.tsv-buchbach.de\/fussball\/wp-content\/uploads\/2020\/10\/Lechner-2-768x512.jpeg 768w, https:\/\/www.tsv-buchbach.de\/fussball\/wp-content\/uploads\/2020\/10\/Lechner-2-1536x1024.jpeg 1536w, https:\/\/www.tsv-buchbach.de\/fussball\/wp-content\/uploads\/2020\/10\/Lechner-2-310x207.jpeg 310w, https:\/\/www.tsv-buchbach.de\/fussball\/wp-content\/uploads\/2020\/10\/Lechner-2-60x40.jpeg 60w, https:\/\/www.tsv-buchbach.de\/fussball\/wp-content\/uploads\/2020\/10\/Lechner-2-360x240.jpeg 360w, https:\/\/www.tsv-buchbach.de\/fussball\/wp-content\/uploads\/2020\/10\/Lechner-2-98x65.jpeg 98w, https:\/\/www.tsv-buchbach.de\/fussball\/wp-content\/uploads\/2020\/10\/Lechner-2-600x400.jpeg 600w, https:\/\/www.tsv-buchbach.de\/fussball\/wp-content\/uploads\/2020\/10\/Lechner-2.jpeg 1600w\" sizes=\"(max-width: 1070px) 100vw, 1070px\" \/><figcaption>Auf dem Bild von Rechts:  Thomas Lechner,  Co-Trainerin Lara Rachl,  Coach Daniel H\u00fcbner,  Kapit\u00e4n Dominik Waltl,  Spieler Lorenz Soyer und  Kapit\u00e4n Luca H\u00fcbner  <\/figcaption><\/figure>\n","protected":false},"excerpt":{"rendered":"<p>Im Vorfeld des Spiels gegen die JFG FC Holzland \u00fcberreichte Thomas Lechner, Gesch\u00e4ftsf\u00fchrer der Johann Lechner GmbH, unseren C-Jugendspielern Winterjacken f\u00fcr die Ersatzspieler sowie den beiden Trainern Lara Rachl und&#8230;<\/p>\n","protected":false},"author":6,"featured_media":4042,"comment_status":"closed","ping_status":"open","sticky":false,"template":"","format":"standard","meta":{"footnotes":""},"categories":[64],"tags":[],"class_list":["post-4041","post","type-post","status-publish","format-standard","has-post-thumbnail","hentry","category-jugend"],"_links":{"self":[{"href":"https:\/\/www.tsv-buchbach.de\/fussball\/wp-json\/wp\/v2\/posts\/4041","targetHints":{"allow":["GET"]}}],"collection":[{"href":"https:\/\/www.tsv-buchbach.de\/fussball\/wp-json\/wp\/v2\/posts"}],"about":[{"href":"https:\/\/www.tsv-buchbach.de\/fussball\/wp-json\/wp\/v2\/types\/post"}],"author":[{"embeddable":true,"href":"https:\/\/www.tsv-buchbach.de\/fussball\/wp-json\/wp\/v2\/users\/6"}],"replies":[{"embeddable":true,"href":"https:\/\/www.tsv-buchbach.de\/fussball\/wp-json\/wp\/v2\/comments?post=4041"}],"version-history":[{"count":4,"href":"https:\/\/www.tsv-buchbach.de\/fussball\/wp-json\/wp\/v2\/posts\/4041\/revisions"}],"predecessor-version":[{"id":4127,"href":"https:\/\/www.tsv-buchbach.de\/fussball\/wp-json\/wp\/v2\/posts\/4041\/revisions\/4127"}],"wp:featuredmedia":[{"embeddable":true,"href":"https:\/\/www.tsv-buchbach.de\/fussball\/wp-json\/wp\/v2\/media\/4042"}],"wp:attachment":[{"href":"https:\/\/www.tsv-buchbach.de\/fussball\/wp-json\/wp\/v2\/media?parent=4041"}],"wp:term":[{"taxonomy":"category","embeddable":true,"href":"https:\/\/www.tsv-buchbach.de\/fussball\/wp-json\/wp\/v2\/categories?post=4041"},{"taxonomy":"post_tag","embeddable":true,"href":"https:\/\/www.tsv-buchbach.de\/fussball\/wp-json\/wp\/v2\/tags?post=4041"}],"curies":[{"name":"wp","href":"https:\/\/api.w.org\/{rel}","templated":true}]}}