{"id":4161,"date":"2021-05-16T20:52:00","date_gmt":"2021-05-16T18:52:00","guid":{"rendered":"https:\/\/www.tsv-buchbach.de\/fussball\/?p=4161"},"modified":"2021-05-17T14:53:52","modified_gmt":"2021-05-17T12:53:52","slug":"bfv-feriencamp-vom-09-bis-11-august-2020-in-buchbach","status":"publish","type":"post","link":"https:\/\/www.tsv-buchbach.de\/fussball\/bfv-feriencamp-vom-09-bis-11-august-2020-in-buchbach\/","title":{"rendered":"BFV-Ferien-Fu\u00dfballschule vom 09. bis 11. August 2021 in Buchbach"},"content":{"rendered":"\n<figure class=\"wp-block-image size-large\"><a href=\"https:\/\/www.dfbnet.org\/vkal\/mod_vkal\/webflow.do?event=SHOW_VERANSTALTUNG&amp;dmg_company=BFV&amp;params.veranstaltungId=02CFIK035K000000VS5489B5VVANHC13\"><img fetchpriority=\"high\" decoding=\"async\" width=\"854\" height=\"843\" src=\"https:\/\/www.tsv-buchbach.de\/fussball\/wp-content\/uploads\/2020\/12\/201204-bfv-camp-tsv.jpg\" alt=\"\" class=\"wp-image-4169\" srcset=\"https:\/\/www.tsv-buchbach.de\/fussball\/wp-content\/uploads\/2020\/12\/201204-bfv-camp-tsv.jpg 854w, https:\/\/www.tsv-buchbach.de\/fussball\/wp-content\/uploads\/2020\/12\/201204-bfv-camp-tsv-300x296.jpg 300w, https:\/\/www.tsv-buchbach.de\/fussball\/wp-content\/uploads\/2020\/12\/201204-bfv-camp-tsv-768x758.jpg 768w, https:\/\/www.tsv-buchbach.de\/fussball\/wp-content\/uploads\/2020\/12\/201204-bfv-camp-tsv-310x306.jpg 310w, https:\/\/www.tsv-buchbach.de\/fussball\/wp-content\/uploads\/2020\/12\/201204-bfv-camp-tsv-60x59.jpg 60w, https:\/\/www.tsv-buchbach.de\/fussball\/wp-content\/uploads\/2020\/12\/201204-bfv-camp-tsv-80x80.jpg 80w, https:\/\/www.tsv-buchbach.de\/fussball\/wp-content\/uploads\/2020\/12\/201204-bfv-camp-tsv-98x98.jpg 98w, https:\/\/www.tsv-buchbach.de\/fussball\/wp-content\/uploads\/2020\/12\/201204-bfv-camp-tsv-600x592.jpg 600w, https:\/\/www.tsv-buchbach.de\/fussball\/wp-content\/uploads\/2020\/12\/201204-bfv-camp-tsv-100x100.jpg 100w\" sizes=\"(max-width: 854px) 100vw, 854px\" \/><\/a><\/figure>\n\n\n\n<p>Spiel, Spa\u00df, Fu\u00dfball pur in den Ferien beim TSV Buchbach! <\/p>\n\n\n\n<p>In den Sommerferien k\u00f6nnen fu\u00dfballbegeisterte Kinder und Jugendliche vom 09. &#8211; 11. August 2021 am Sportgel\u00e4nde des TSV Buchbach, Jahnstra\u00dfe 7, 84428 Buchbach gezielt ihrem Hobby nachgehen.  <\/p>\n\n\n\n<p><strong>WER kann teilnehmen? <\/strong><\/p>\n\n\n\n<p>Teilnehmen k\u00f6nnen alle Kinder und Jugendlichen im Alter von 7 bis 14 Jahre. Ob Junge oder M\u00e4dchen, Feldspieler\/in oder Torh\u00fcter\/in, Anf\u00e4nger oder Experte, Vereinsmitglied oder kein Vereinsmitglied, bei uns kann jeder teilnehmen, der Lust auf ein tolles Fu\u00dfball- und Freizeitprogramm hat. <\/p>\n\n\n\n<p><strong>WAS erwartet mich? <\/strong><\/p>\n\n\n\n<p>Geniale Tricks und Techniken, coole Turniere und Spiele, neue Freunde, Top-Trainingsausstattung von adidas, qualifizierte und geschulte Trainer und vieles mehr! Getreu unserem Motto \u201eSpiel, Spa\u00df, Fu\u00dfball pur!\u201c nehmen die Spielerinnen und Spieler mit Freude und Begeisterung an einem coolen Fu\u00dfball-Freizeit-Event teil. Vor Ort wirst du t\u00e4glich von 9 bis 17 Uhr betreut. F\u00fcr Mittagessen, Obst und ausreichend Getr\u00e4nke ist selbstverst\u00e4ndlich gesorgt. Zus\u00e4tzlich erh\u00e4ltst du eine hochwertige adidas-Ausr\u00fcstung (Trikot, kurze Hose, Stutzensocken und einen exklusiven Trainingsball), einen Turnbeutel sowie eine Trinkflasche. <\/p>\n\n\n\n<p><strong>Preise<\/strong><\/p>\n\n\n\n<ul class=\"wp-block-list\"><li>130,- \u20ac f\u00fcr 3 Tage<\/li><li>Geschwisterkinder zahlen 120,00 Euro <\/li><\/ul>\n\n\n\n<p><strong>Sonstiges<\/strong><\/p>\n\n\n\n<ul class=\"wp-block-list\"><li>Ein Teil der Teilnehmergeb\u00fchr flie\u00dft in die BFV-Sozialstiftung zur Finanzierung von sozialen Projekten im Fu\u00dfball<\/li><li>Weitere Infos unter: https:\/\/bfv-sozialstiftung.de<\/li><\/ul>\n\n\n\n<p><strong>Anmeldung<\/strong><\/p>\n\n\n\n<ul class=\"wp-block-list\"><li>Link: <a href=\"https:\/\/www.dfbnet.org\/vkal\/mod_vkal\/webflow.do?event=SHOW_VERANSTALTUNG&amp;dmg_company=BFV&amp;params.veranstaltungId=02CFIK035K000000VS5489B5VVANHC13\">hier<\/a><\/li><\/ul>\n\n\n\n<p><strong>Weitere Infos<\/strong><\/p>\n\n\n\n<ul class=\"wp-block-list\"><li>Facebook: <a href=\"https:\/\/www.facebook.com\/bfvferienonline\">https:\/\/www.facebook.com\/bfvferienonline<\/a><\/li><li>Instagram: <a href=\"https:\/\/www.instagram.com\/bfv_fussballcamps\/\">https:\/\/www.instagram.com\/bfv_fussballcamps\/<\/a><\/li><\/ul>\n","protected":false},"excerpt":{"rendered":"<p>Spiel, Spa\u00df, Fu\u00dfball pur in den Ferien beim TSV Buchbach! In den Sommerferien k\u00f6nnen fu\u00dfballbegeisterte Kinder und Jugendliche vom 09. &#8211; 11. August 2021 am Sportgel\u00e4nde des TSV Buchbach, Jahnstra\u00dfe&#8230;<\/p>\n","protected":false},"author":5,"featured_media":4163,"comment_status":"closed","ping_status":"open","sticky":false,"template":"","format":"standard","meta":{"footnotes":""},"categories":[64],"tags":[],"class_list":["post-4161","post","type-post","status-publish","format-standard","has-post-thumbnail","hentry","category-jugend"],"_links":{"self":[{"href":"https:\/\/www.tsv-buchbach.de\/fussball\/wp-json\/wp\/v2\/posts\/4161","targetHints":{"allow":["GET"]}}],"collection":[{"href":"https:\/\/www.tsv-buchbach.de\/fussball\/wp-json\/wp\/v2\/posts"}],"about":[{"href":"https:\/\/www.tsv-buchbach.de\/fussball\/wp-json\/wp\/v2\/types\/post"}],"author":[{"embeddable":true,"href":"https:\/\/www.tsv-buchbach.de\/fussball\/wp-json\/wp\/v2\/users\/5"}],"replies":[{"embeddable":true,"href":"https:\/\/www.tsv-buchbach.de\/fussball\/wp-json\/wp\/v2\/comments?post=4161"}],"version-history":[{"count":7,"href":"https:\/\/www.tsv-buchbach.de\/fussball\/wp-json\/wp\/v2\/posts\/4161\/revisions"}],"predecessor-version":[{"id":4197,"href":"https:\/\/www.tsv-buchbach.de\/fussball\/wp-json\/wp\/v2\/posts\/4161\/revisions\/4197"}],"wp:featuredmedia":[{"embeddable":true,"href":"https:\/\/www.tsv-buchbach.de\/fussball\/wp-json\/wp\/v2\/media\/4163"}],"wp:attachment":[{"href":"https:\/\/www.tsv-buchbach.de\/fussball\/wp-json\/wp\/v2\/media?parent=4161"}],"wp:term":[{"taxonomy":"category","embeddable":true,"href":"https:\/\/www.tsv-buchbach.de\/fussball\/wp-json\/wp\/v2\/categories?post=4161"},{"taxonomy":"post_tag","embeddable":true,"href":"https:\/\/www.tsv-buchbach.de\/fussball\/wp-json\/wp\/v2\/tags?post=4161"}],"curies":[{"name":"wp","href":"https:\/\/api.w.org\/{rel}","templated":true}]}}