{"id":4199,"date":"2020-12-26T12:19:38","date_gmt":"2020-12-26T11:19:38","guid":{"rendered":"https:\/\/www.tsv-buchbach.de\/fussball\/?p=4199"},"modified":"2020-12-26T13:36:06","modified_gmt":"2020-12-26T12:36:06","slug":"junioren-fussballer-trotzen-der-corona-krise","status":"publish","type":"post","link":"https:\/\/www.tsv-buchbach.de\/fussball\/junioren-fussballer-trotzen-der-corona-krise\/","title":{"rendered":"Junioren-Fu\u00dfballer trotzen der Corona-Krise"},"content":{"rendered":"\n<p>Das Jahr 2020 war auch im Junioren-Fu\u00dfball der Partnervereine TSV Buchbach\/TSV Gr\u00fcntegernbach\/TSV Obertaufkirchen\/SV Schwindegg von der Corona-Krise gekennzeichnet und stellte alle vor gro\u00dfe Herausforderungen. W\u00e4hrend des ersten Lockdowns im Fr\u00fchjahr lag der Fokus darauf, so wenig wie m\u00f6glich Kinder und Jugendliche zu verlieren. Dies gelang durch das herausragende Engagement aller Trainer und Betreuer. Anders als bei den Erwachsenen und Damen\/M\u00e4dchen wurde bei den Junioren die Saison 2019\/2020 abgebrochen. F\u00fcr 2020\/2021 plante der BFV zwei Halbserien um auf eine erneute Corona-Pause, so wie jetzt geschehen, reagieren zu k\u00f6nnen. Die Herbst-Runde konnte zwar nicht vollst\u00e4ndig fertig gespielt werden, aber es haben alle Mannschaften ab der D-Jugend vier bis sechs Punktspiele bestritten. Im Fr\u00fchjahr werden zuerst die restlichen Spiele nachgeholt und dann die Fr\u00fchjahrs-Runde begonnen, die Anfang Juli zu Ende sein soll. Ab September 2021 hoffen wir dann alle wieder auf \u201eNormal-Betrieb\u201c. Vor zwei Jahren gaben alle vier Partnervereine das Ziel aus, mit allen 1er-Mannschaften von D- bis A-Junioren stabil in der Kreisliga zu spielen. Dies wurde bereits vor der Corona-Pause erreicht. Aktuell klopfen einige Teams sogar an die T\u00fcr zur Bezirksoberliga.<\/p>\n\n\n\n<p><strong>Bambini<\/strong><\/p>\n\n\n\n<p>Insbesondere bei den Kleinsten gab es viele Neuzug\u00e4nge. So gibt es u.a. eine neue Bambini-Gruppe mit knapp 20 Kindern, die von Niklas Zott und Kilian Kainz betreut wird. <\/p>\n\n\n\n<p><strong>E-Jugend<\/strong><\/p>\n\n\n\n<p>Auch bei den E- und F-Junioren sind etwa 60 Kinder dabei, so dass drei E-Jugend-Mannschaften gebildet wurden. Zust\u00e4ndig sind Manuel Neubauer und Robert Nirschl. Tabellen:<\/p>\n\n\n\n<figure class=\"wp-block-image size-large\"><img fetchpriority=\"high\" decoding=\"async\" width=\"557\" height=\"120\" src=\"https:\/\/www.tsv-buchbach.de\/fussball\/wp-content\/uploads\/2020\/12\/image-14.png\" alt=\"\" class=\"wp-image-4217\" srcset=\"https:\/\/www.tsv-buchbach.de\/fussball\/wp-content\/uploads\/2020\/12\/image-14.png 557w, https:\/\/www.tsv-buchbach.de\/fussball\/wp-content\/uploads\/2020\/12\/image-14-300x65.png 300w, https:\/\/www.tsv-buchbach.de\/fussball\/wp-content\/uploads\/2020\/12\/image-14-310x67.png 310w, https:\/\/www.tsv-buchbach.de\/fussball\/wp-content\/uploads\/2020\/12\/image-14-60x13.png 60w, https:\/\/www.tsv-buchbach.de\/fussball\/wp-content\/uploads\/2020\/12\/image-14-98x21.png 98w, https:\/\/www.tsv-buchbach.de\/fussball\/wp-content\/uploads\/2020\/12\/image-14-555x120.png 555w\" sizes=\"(max-width: 557px) 100vw, 557px\" \/><\/figure>\n\n\n\n<p><strong>F-Jugend<\/strong><\/p>\n\n\n\n<p>Max Hofstetter, Stefan Hillinger, Alexander H\u00fcbner und Michael Pflanz zeichnen f\u00fcr die F-Jugend mit zwei Teams verantwortlich und sorgen daf\u00fcr, dass die Buben und M\u00e4dchen Spa\u00df und Freude am Fu\u00dfball haben. <\/p>\n\n\n\n<p><strong>D1-Jugend, Kreisliga<\/strong><\/p>\n\n\n\n<p>Anders als bei der E-Jugend und abw\u00e4rts sind ab der D-Jugend schon auch die Tabellen-St\u00e4nde sowohl f\u00fcr Trainer als auch Spieler und Eltern wichtig. Das Relegationsspiel zur Bezirksoberliga ist mit 15 Punkten aus sechs Spielen schon erreicht, trotz der Niederlage gegen den punktgleichen, aber nicht aufstiegsberechtigten SV Wacker Burghausen II. Die Trainer Tobias Brandlhuber und Michael Behrens werden die Jungs \u00fcber den Winter sicher gut begleiten, damit auch die Fr\u00fchjahrsrunde \u00e4hnlich erfolgreich bestritten werden kann. <\/p>\n\n\n\n<figure class=\"wp-block-image size-large\"><img decoding=\"async\" width=\"289\" height=\"121\" src=\"https:\/\/www.tsv-buchbach.de\/fussball\/wp-content\/uploads\/2020\/12\/image-6.png\" alt=\"\" class=\"wp-image-4208\" srcset=\"https:\/\/www.tsv-buchbach.de\/fussball\/wp-content\/uploads\/2020\/12\/image-6.png 289w, https:\/\/www.tsv-buchbach.de\/fussball\/wp-content\/uploads\/2020\/12\/image-6-60x25.png 60w, https:\/\/www.tsv-buchbach.de\/fussball\/wp-content\/uploads\/2020\/12\/image-6-98x41.png 98w\" sizes=\"(max-width: 289px) 100vw, 289px\" \/><\/figure>\n\n\n\n<p><strong>D2-Jugend, Gruppe<\/strong><\/p>\n\n\n\n<p>Die Mansnchaft von Martin Beyer und Steffen Erdmann hat sich hinter dem TSV Polling den 2. Platz gesichert und rechnet sich mit ihrer Mannschaft auch im Fr\u00fchjahr in der n\u00e4chsth\u00f6heren Kreisklasse durchaus Chancen aus. Tabelle:<\/p>\n\n\n\n<figure class=\"wp-block-image size-large\"><img decoding=\"async\" width=\"258\" height=\"106\" src=\"https:\/\/www.tsv-buchbach.de\/fussball\/wp-content\/uploads\/2020\/12\/image-12.png\" alt=\"\" class=\"wp-image-4214\" srcset=\"https:\/\/www.tsv-buchbach.de\/fussball\/wp-content\/uploads\/2020\/12\/image-12.png 258w, https:\/\/www.tsv-buchbach.de\/fussball\/wp-content\/uploads\/2020\/12\/image-12-60x25.png 60w, https:\/\/www.tsv-buchbach.de\/fussball\/wp-content\/uploads\/2020\/12\/image-12-255x106.png 255w, https:\/\/www.tsv-buchbach.de\/fussball\/wp-content\/uploads\/2020\/12\/image-12-98x40.png 98w\" sizes=\"(max-width: 258px) 100vw, 258px\" \/><\/figure>\n\n\n\n<p><strong>D3-Jugend, Gruppe<\/strong><\/p>\n\n\n\n<p>Hier steht wieder mehr der Spa\u00df im Vordergrund, was den rund 15 Spielern von den Trainern Christian Heider und Renan Glas bestens vermittelt wird. Tabelle:<\/p>\n\n\n\n<figure class=\"wp-block-image size-large\"><img loading=\"lazy\" decoding=\"async\" width=\"261\" height=\"111\" src=\"https:\/\/www.tsv-buchbach.de\/fussball\/wp-content\/uploads\/2020\/12\/image-13.png\" alt=\"\" class=\"wp-image-4215\" srcset=\"https:\/\/www.tsv-buchbach.de\/fussball\/wp-content\/uploads\/2020\/12\/image-13.png 261w, https:\/\/www.tsv-buchbach.de\/fussball\/wp-content\/uploads\/2020\/12\/image-13-60x26.png 60w, https:\/\/www.tsv-buchbach.de\/fussball\/wp-content\/uploads\/2020\/12\/image-13-98x42.png 98w\" sizes=\"(max-width: 261px) 100vw, 261px\" \/><\/figure>\n\n\n\n<p><strong>C-Junioren<\/strong><\/p>\n\n\n\n<p>Die C1-Junioren von Chef-Coach Daniel H\u00fcbner und Co-Trainerin Lara Rachl belegen Platz 2\u00a0 hinter dem SV Wacker Burghausen III, der nicht aufsteigen darf und haben damit das Aufstiegsspiel in die Bezirksoberliga klar vor Augen. Vier Siege aus f\u00fcnf Spielen bedeuten 12 Punkte. Bei den bisher gezeigten Leistungen darf sehr optimistisch auf die Runde im Fr\u00fchjahr geblickt werden.  Auch die 2er- und 3er-Mannschaften sind bestens platziert. Tabelle:<\/p>\n\n\n\n<figure class=\"wp-block-image size-large\"><img loading=\"lazy\" decoding=\"async\" width=\"287\" height=\"133\" src=\"https:\/\/www.tsv-buchbach.de\/fussball\/wp-content\/uploads\/2020\/12\/image-11.png\" alt=\"\" class=\"wp-image-4213\" srcset=\"https:\/\/www.tsv-buchbach.de\/fussball\/wp-content\/uploads\/2020\/12\/image-11.png 287w, https:\/\/www.tsv-buchbach.de\/fussball\/wp-content\/uploads\/2020\/12\/image-11-60x28.png 60w, https:\/\/www.tsv-buchbach.de\/fussball\/wp-content\/uploads\/2020\/12\/image-11-98x45.png 98w\" sizes=\"(max-width: 287px) 100vw, 287px\" \/><\/figure>\n\n\n\n<p>Die C2 von Hans Greimel und Christian Matschi hat in der Kreisklasse durch zwei knappe Niederlagen in Folge die Tabellenf\u00fchrung abgeben m\u00fcssen. Tabelle:<\/p>\n\n\n\n<figure class=\"wp-block-image size-large\"><img loading=\"lazy\" decoding=\"async\" width=\"272\" height=\"135\" src=\"https:\/\/www.tsv-buchbach.de\/fussball\/wp-content\/uploads\/2020\/12\/image-8.png\" alt=\"\" class=\"wp-image-4210\" srcset=\"https:\/\/www.tsv-buchbach.de\/fussball\/wp-content\/uploads\/2020\/12\/image-8.png 272w, https:\/\/www.tsv-buchbach.de\/fussball\/wp-content\/uploads\/2020\/12\/image-8-60x30.png 60w, https:\/\/www.tsv-buchbach.de\/fussball\/wp-content\/uploads\/2020\/12\/image-8-270x135.png 270w, https:\/\/www.tsv-buchbach.de\/fussball\/wp-content\/uploads\/2020\/12\/image-8-98x49.png 98w\" sizes=\"(max-width: 272px) 100vw, 272px\" \/><\/figure>\n\n\n\n<p>Die C3 ist nach zwei Siegen aus f\u00fcnf Spielen im Mittelfeld der Gruppe platziert. Vater Christian und Sohn Michael Dietl sind mit dem Abschneiden zufrieden. Tabelle:<\/p>\n\n\n\n<figure class=\"wp-block-image size-large\"><img loading=\"lazy\" decoding=\"async\" width=\"300\" height=\"127\" src=\"https:\/\/www.tsv-buchbach.de\/fussball\/wp-content\/uploads\/2020\/12\/image-7.png\" alt=\"\" class=\"wp-image-4209\" srcset=\"https:\/\/www.tsv-buchbach.de\/fussball\/wp-content\/uploads\/2020\/12\/image-7.png 300w, https:\/\/www.tsv-buchbach.de\/fussball\/wp-content\/uploads\/2020\/12\/image-7-60x25.png 60w, https:\/\/www.tsv-buchbach.de\/fussball\/wp-content\/uploads\/2020\/12\/image-7-98x41.png 98w\" sizes=\"(max-width: 300px) 100vw, 300px\" \/><\/figure>\n\n\n\n<p><strong>B-Junioren, Kreisliga<\/strong><\/p>\n\n\n\n<p>Die B-Junioren holten aus den ersten vier Spielen zehn Punkte und haben als Tabellenf\u00fchrer im Fr\u00fchjahr alle M\u00f6glichkeiten. Das Trainer-Team Marcel Laggerbauer, Thomas Binsteiner und Stefan Scharinger wird aber auch weiterhin den k\u00f6rperlich schw\u00e4cheren Spielern Einsatzzeiten geben. Bei 20 Spielern im Kader ist das aber\u00a0 nicht immer einfach. Tabelle:<\/p>\n\n\n\n<figure class=\"wp-block-image size-large\"><img loading=\"lazy\" decoding=\"async\" width=\"289\" height=\"104\" src=\"https:\/\/www.tsv-buchbach.de\/fussball\/wp-content\/uploads\/2020\/12\/image-9.png\" alt=\"\" class=\"wp-image-4211\" srcset=\"https:\/\/www.tsv-buchbach.de\/fussball\/wp-content\/uploads\/2020\/12\/image-9.png 289w, https:\/\/www.tsv-buchbach.de\/fussball\/wp-content\/uploads\/2020\/12\/image-9-60x22.png 60w, https:\/\/www.tsv-buchbach.de\/fussball\/wp-content\/uploads\/2020\/12\/image-9-98x35.png 98w\" sizes=\"(max-width: 289px) 100vw, 289px\" \/><\/figure>\n\n\n\n<p><strong>A-Junioren, Kreisliga<\/strong><\/p>\n\n\n\n<p>Die A-Junioren mussten sich im entscheidenden Spiel um den ersten Platz der JFG Speichersee geschlagen geben. Das Team von Florian Leins und Thomas Burkhard ist aber trotzdem im Spitzenfeld platziert. Aufgrund einer Neustrukturierung der Altersklassen wechseln im Sommer 2021 alle Spieler zu den Herren. Daher ist eine wichtige Aufgabe im Fr\u00fchjahr, die Jungs auf diesen Wechsel vorzubereiten, wobei das klare Ziel ist, dass alle Spieler bei einem der vier Partnervereine aktiv bleiben.\u00a0 Tabelle:<\/p>\n\n\n\n<figure class=\"wp-block-image size-large\"><img loading=\"lazy\" decoding=\"async\" width=\"286\" height=\"115\" src=\"https:\/\/www.tsv-buchbach.de\/fussball\/wp-content\/uploads\/2020\/12\/image-10.png\" alt=\"\" class=\"wp-image-4212\" srcset=\"https:\/\/www.tsv-buchbach.de\/fussball\/wp-content\/uploads\/2020\/12\/image-10.png 286w, https:\/\/www.tsv-buchbach.de\/fussball\/wp-content\/uploads\/2020\/12\/image-10-60x24.png 60w, https:\/\/www.tsv-buchbach.de\/fussball\/wp-content\/uploads\/2020\/12\/image-10-98x39.png 98w\" sizes=\"(max-width: 286px) 100vw, 286px\" \/><\/figure>\n\n\n\n<p><strong>U17, B-Juniorinnen, Kreisliga<\/strong><\/p>\n\n\n\n<p>Sehr erfreulich ist, dass der M\u00e4dchenfu\u00dfball einen Aufschwung erlebt. Trotz der gro\u00dfen Konkurrenz der Garden aus Buchbach und Gr\u00fcntegernbach konnte Coach Hermann Moser seit dem Sommer einige neue Spielerinnen f\u00fcr die B-Juniorinnen gewinnen und hat nun einen Kader von knapp 20 Spielerinnen. Ziel bis zum Sommer ist, dass neben den B-M\u00e4dels noch eine C-Juniorinnen-Mannschaft gebildet werden kann. <\/p>\n\n\n\n<figure class=\"wp-block-image size-large\"><img loading=\"lazy\" decoding=\"async\" width=\"269\" height=\"110\" src=\"https:\/\/www.tsv-buchbach.de\/fussball\/wp-content\/uploads\/2020\/12\/image-15.png\" alt=\"\" class=\"wp-image-4218\" srcset=\"https:\/\/www.tsv-buchbach.de\/fussball\/wp-content\/uploads\/2020\/12\/image-15.png 269w, https:\/\/www.tsv-buchbach.de\/fussball\/wp-content\/uploads\/2020\/12\/image-15-60x25.png 60w, https:\/\/www.tsv-buchbach.de\/fussball\/wp-content\/uploads\/2020\/12\/image-15-98x40.png 98w\" sizes=\"(max-width: 269px) 100vw, 269px\" \/><\/figure>\n\n\n\n<p><strong>Schlusswort<\/strong><\/p>\n\n\n\n<p>Seit Anfang November sind alle Mannschaften gezwungenerma\u00dfen wieder in der Pause. \u00a0Auch wenn die Trainer in laufendem Kontakt mit den Kindern und Jugendlichen sind und virtuelle Trainings anbieten, wird es im Fr\u00fchjahr vermutlich um einiges schwieriger, alle Spieler \u201ebei der Stange zu halten\u201c. Abschlie\u00dfend m\u00f6chte ich mich bei allen recht herzlich bedanken, die im Jugendbereich mitgeholfen haben, dieses schwierige Fu\u00dfballjahr zu meistern. Ein besonderer Dank geht an die Verantwortlichen des SV Schwindegg, TSV Obertaufkirchen und TSV Gr\u00fcntegernbach. Es gab nicht wenige, die der Zusammenarbeit der vier Vereine vor zwei Jahren keine Zukunft gaben. Zu tief w\u00e4ren die \u201eGr\u00e4ben\u201c aus der Vergangenheit. Auch wenn es immer noch kritische Stimmen gibt, ist man auf einem sehr guten Weg, allen Kindern und Jugendlichen &#8211; egal welcher Altersstufe &#8211; die M\u00f6glichkeit zu bieten, in den vier Gemeinden ihrem Hobby Fu\u00dfball nachzugehen. Jedem der vier Vereine w\u00e4re dies alleine nicht mehr m\u00f6glich.<\/p>\n\n\n\n<p>Mit sportlichen Gr\u00fc\u00dfen<\/p>\n\n\n\n<p><strong>Helmut Laggerbauer<\/strong><\/p>\n\n\n\n<p>Sportlicher Leiter Junioren<\/p>\n","protected":false},"excerpt":{"rendered":"<p>Das Jahr 2020 war auch im Junioren-Fu\u00dfball der Partnervereine TSV Buchbach\/TSV Gr\u00fcntegernbach\/TSV Obertaufkirchen\/SV Schwindegg von der Corona-Krise gekennzeichnet und stellte alle vor gro\u00dfe Herausforderungen. W\u00e4hrend des ersten Lockdowns im Fr\u00fchjahr&#8230;<\/p>\n","protected":false},"author":5,"featured_media":3333,"comment_status":"closed","ping_status":"open","sticky":false,"template":"","format":"standard","meta":{"footnotes":""},"categories":[64],"tags":[],"class_list":["post-4199","post","type-post","status-publish","format-standard","has-post-thumbnail","hentry","category-jugend"],"_links":{"self":[{"href":"https:\/\/www.tsv-buchbach.de\/fussball\/wp-json\/wp\/v2\/posts\/4199","targetHints":{"allow":["GET"]}}],"collection":[{"href":"https:\/\/www.tsv-buchbach.de\/fussball\/wp-json\/wp\/v2\/posts"}],"about":[{"href":"https:\/\/www.tsv-buchbach.de\/fussball\/wp-json\/wp\/v2\/types\/post"}],"author":[{"embeddable":true,"href":"https:\/\/www.tsv-buchbach.de\/fussball\/wp-json\/wp\/v2\/users\/5"}],"replies":[{"embeddable":true,"href":"https:\/\/www.tsv-buchbach.de\/fussball\/wp-json\/wp\/v2\/comments?post=4199"}],"version-history":[{"count":3,"href":"https:\/\/www.tsv-buchbach.de\/fussball\/wp-json\/wp\/v2\/posts\/4199\/revisions"}],"predecessor-version":[{"id":4219,"href":"https:\/\/www.tsv-buchbach.de\/fussball\/wp-json\/wp\/v2\/posts\/4199\/revisions\/4219"}],"wp:featuredmedia":[{"embeddable":true,"href":"https:\/\/www.tsv-buchbach.de\/fussball\/wp-json\/wp\/v2\/media\/3333"}],"wp:attachment":[{"href":"https:\/\/www.tsv-buchbach.de\/fussball\/wp-json\/wp\/v2\/media?parent=4199"}],"wp:term":[{"taxonomy":"category","embeddable":true,"href":"https:\/\/www.tsv-buchbach.de\/fussball\/wp-json\/wp\/v2\/categories?post=4199"},{"taxonomy":"post_tag","embeddable":true,"href":"https:\/\/www.tsv-buchbach.de\/fussball\/wp-json\/wp\/v2\/tags?post=4199"}],"curies":[{"name":"wp","href":"https:\/\/api.w.org\/{rel}","templated":true}]}}