{"id":4439,"date":"2021-05-14T11:21:31","date_gmt":"2021-05-14T09:21:31","guid":{"rendered":"https:\/\/www.tsv-buchbach.de\/fussball\/?p=4439"},"modified":"2021-05-14T11:26:32","modified_gmt":"2021-05-14T09:26:32","slug":"u15-es-geht-endlich-wieder-auf-den-platz","status":"publish","type":"post","link":"https:\/\/www.tsv-buchbach.de\/fussball\/u15-es-geht-endlich-wieder-auf-den-platz\/","title":{"rendered":"U15 &#8211; Es geht endlich wieder auf den Platz"},"content":{"rendered":"\n<p>Nach mittlerweile mehr als sechs Monaten geht es endlich f\u00fcr unsere C-Jugendlichen wieder auf den Trainingsplatz.<br>Nat\u00fcrlich waren wir auch in der Zeit, wo wir nicht auf den Platz durften, immer mit unseren Jungs in Kontakt. Ob durch diverse Onlinetrainings, welche von verschiedensten Quellen angeboten wurden, nutzten wir auch die Zeit, um die Winter-Einzelgespr\u00e4che, sowie Team-Besprechungen mit den Jungs via Videomeeting abzuhalten. <br>Die Burschen und wir Trainer waren der selben Meinung, auch wenn man sich bei der Onlinesitzung mehr Zeit f\u00fcr jeden Spieler nehmen konnte, ist ein pers\u00f6nliches Gespr\u00e4ch \u201eFace-to-Face\u201c immer noch etwas anderes.<br>Das Fazit der Gespr\u00e4che war aber auch ganz klar, dass eine so lange Zeit ohne Fu\u00dfball nicht mit Onlinetraining etc. zu \u00fcberstehen ist. Selbst die motiviertesten Spieler hatten dadurch ihre \u201eZiele\u201c verloren und somit auch die Motivation. <\/p>\n\n\n\n<p>Daher sind wir nun alle froh, dass es endlich wieder auf den Platz geht.<\/p>\n\n\n\n<p> <img decoding=\"async\" width=\"150\" height=\"266\" class=\"wp-image-4440\" style=\"width: 150px;\" src=\"https:\/\/www.tsv-buchbach.de\/fussball\/wp-content\/uploads\/2021\/05\/C78046FC-3A6D-4B48-B8A9-8F0BD5D799B6.jpeg\" alt=\"\" srcset=\"https:\/\/www.tsv-buchbach.de\/fussball\/wp-content\/uploads\/2021\/05\/C78046FC-3A6D-4B48-B8A9-8F0BD5D799B6.jpeg 735w, https:\/\/www.tsv-buchbach.de\/fussball\/wp-content\/uploads\/2021\/05\/C78046FC-3A6D-4B48-B8A9-8F0BD5D799B6-169x300.jpeg 169w, https:\/\/www.tsv-buchbach.de\/fussball\/wp-content\/uploads\/2021\/05\/C78046FC-3A6D-4B48-B8A9-8F0BD5D799B6-579x1024.jpeg 579w, https:\/\/www.tsv-buchbach.de\/fussball\/wp-content\/uploads\/2021\/05\/C78046FC-3A6D-4B48-B8A9-8F0BD5D799B6-310x549.jpeg 310w, https:\/\/www.tsv-buchbach.de\/fussball\/wp-content\/uploads\/2021\/05\/C78046FC-3A6D-4B48-B8A9-8F0BD5D799B6-60x106.jpeg 60w, https:\/\/www.tsv-buchbach.de\/fussball\/wp-content\/uploads\/2021\/05\/C78046FC-3A6D-4B48-B8A9-8F0BD5D799B6-55x98.jpeg 55w, https:\/\/www.tsv-buchbach.de\/fussball\/wp-content\/uploads\/2021\/05\/C78046FC-3A6D-4B48-B8A9-8F0BD5D799B6-600x1062.jpeg 600w\" sizes=\"(max-width: 150px) 100vw, 150px\" \/> Unsere C1 w\u00e4hrend eines Videochats.<\/p>\n","protected":false},"excerpt":{"rendered":"<p>Nach mittlerweile mehr als sechs Monaten geht es endlich f\u00fcr unsere C-Jugendlichen wieder auf den Trainingsplatz.Nat\u00fcrlich waren wir auch in der Zeit, wo wir nicht auf den Platz durften, immer&#8230;<\/p>\n","protected":false},"author":6,"featured_media":3782,"comment_status":"closed","ping_status":"open","sticky":false,"template":"","format":"standard","meta":{"footnotes":""},"categories":[64],"tags":[],"class_list":["post-4439","post","type-post","status-publish","format-standard","has-post-thumbnail","hentry","category-jugend"],"_links":{"self":[{"href":"https:\/\/www.tsv-buchbach.de\/fussball\/wp-json\/wp\/v2\/posts\/4439","targetHints":{"allow":["GET"]}}],"collection":[{"href":"https:\/\/www.tsv-buchbach.de\/fussball\/wp-json\/wp\/v2\/posts"}],"about":[{"href":"https:\/\/www.tsv-buchbach.de\/fussball\/wp-json\/wp\/v2\/types\/post"}],"author":[{"embeddable":true,"href":"https:\/\/www.tsv-buchbach.de\/fussball\/wp-json\/wp\/v2\/users\/6"}],"replies":[{"embeddable":true,"href":"https:\/\/www.tsv-buchbach.de\/fussball\/wp-json\/wp\/v2\/comments?post=4439"}],"version-history":[{"count":3,"href":"https:\/\/www.tsv-buchbach.de\/fussball\/wp-json\/wp\/v2\/posts\/4439\/revisions"}],"predecessor-version":[{"id":4443,"href":"https:\/\/www.tsv-buchbach.de\/fussball\/wp-json\/wp\/v2\/posts\/4439\/revisions\/4443"}],"wp:featuredmedia":[{"embeddable":true,"href":"https:\/\/www.tsv-buchbach.de\/fussball\/wp-json\/wp\/v2\/media\/3782"}],"wp:attachment":[{"href":"https:\/\/www.tsv-buchbach.de\/fussball\/wp-json\/wp\/v2\/media?parent=4439"}],"wp:term":[{"taxonomy":"category","embeddable":true,"href":"https:\/\/www.tsv-buchbach.de\/fussball\/wp-json\/wp\/v2\/categories?post=4439"},{"taxonomy":"post_tag","embeddable":true,"href":"https:\/\/www.tsv-buchbach.de\/fussball\/wp-json\/wp\/v2\/tags?post=4439"}],"curies":[{"name":"wp","href":"https:\/\/api.w.org\/{rel}","templated":true}]}}