{"id":4478,"date":"2021-05-24T11:06:57","date_gmt":"2021-05-24T09:06:57","guid":{"rendered":"https:\/\/www.tsv-buchbach.de\/fussball\/?p=4478"},"modified":"2021-05-25T07:57:10","modified_gmt":"2021-05-25T05:57:10","slug":"24-05-2021-helmut-laggerbauer-zum-stand-der-dinge-im-jugendbereich","status":"publish","type":"post","link":"https:\/\/www.tsv-buchbach.de\/fussball\/24-05-2021-helmut-laggerbauer-zum-stand-der-dinge-im-jugendbereich\/","title":{"rendered":"Helmut Laggerbauer zum Stand der Dinge im Jugendbereich"},"content":{"rendered":"\n<p>Am Samstag fanden bfv-Webinare zum Thema Jugendfu\u00dfball statt. Ergebnisse: <\/p>\n\n\n\n<ul class=\"wp-block-list\"><li>die Saison wird endg\u00fclig abgebrochen<\/li><li>es finden keine Punktspiele mehr statt<\/li><li>der BFV wird keine Freundschaftsspiele und keine Turniere organsisieren<\/li><li>n\u00e4here Info&#8217;s: <a href=\"https:\/\/www.bfv.de\/der-bfv\/corona-pandemie\/informationen-fur-jugendleiter\">https:\/\/www.bfv.de\/der-bfv\/corona-pandemie\/informationen-fur-jugendleiter<\/a>  <\/li><\/ul>\n\n\n\n<p>Helmut Laggerbauer: &#8222;Wir treffen uns mit den Jugendleitungen der Partnervereine in dieser Woche und werden die weitere Vorgehensweise mit den einzelnen Mannschaften besprechen. Thema wird auch die zeitnahe Umstellung der einzelnen Mannschaften auf die neuen Jahrg\u00e4nge sein, damit nach der langen Pause gen\u00fcgend Zeit bleibt, um sich auf den Start der neuen Saison (fr\u00fchestens am 01. September, eher erst ab Mitte September) vorzubereiten. Dazu sind aber einige Vorbereitungen zu treffen, u.a. Gespr\u00e4che mit allen Trainern, sofern noch nicht geschehen. Nat\u00fcrlich sollte Euch auch ein &#8222;Abschluss&#8220; mit den jetzigen Teams m\u00f6glich sein, auch wenn das in der aktuellen Zeit mehr als schwierig ist.  Wir werden voraussichtlich in der Woche nach den Pfingsferien eine Video-Konferenz f\u00fcr alle Trainer einberufen. Sofern m\u00f6glich, evtl. auch in Pr\u00e4senz. Dann k\u00f6nnen wir Euch ausf\u00fchrlich informieren und mit Euch auch die weiteren Schritte besprechen\/diskutieren.  Wie ihr sicherlich auch mitbekommen habt, ist bei einer Indzidenz von kleiner 100 bzw. 50 unter bestimmten Voraussetzungen\/Bedingungen wieder Training m\u00f6glich. Auch hierzu k\u00f6nnt ihr auf der Homepage des BFV n\u00e4here Informationen bekommen. Einige trainieren bereits, einige bereiten das vor. Bitte nehmt immer Kontakt mit dem Jugendleiter des Vereins auf, auf dessen Platz ihr trainiert. Grunds\u00e4tzlich w\u00e4re Training wieder an den regul\u00e4ren Trainingstagen m\u00f6glich. Aber es sind nat\u00fcrlich auch \u00dcberschneidungen zu beachten und dies muss im Vorfeld abgesprochen sein. Alternativ stehen die meisten Pl\u00e4tze auch am Wochenende zur Verf\u00fcgung, da bis auf weiteres keine Spiele stattfinden. Es wird auch den Hauptpl\u00e4tzen der Vereine nicht schaden, wenn diese nach dieser langen Zeit mal wieder &#8222;bespielt&#8220; werden. Damit kann die Platzsituation sicherlich entzerrt werden. Bei Fragen k\u00f6nnt Ihr meine JL-Kollegen oder mich jederzeit gerne kontaktieren.&#8220;<\/p>\n","protected":false},"excerpt":{"rendered":"<p>Am Samstag fanden bfv-Webinare zum Thema Jugendfu\u00dfball statt. Ergebnisse: die Saison wird endg\u00fclig abgebrochen es finden keine Punktspiele mehr statt der BFV wird keine Freundschaftsspiele und keine Turniere organsisieren n\u00e4here&#8230;<\/p>\n","protected":false},"author":5,"featured_media":3333,"comment_status":"closed","ping_status":"open","sticky":false,"template":"","format":"standard","meta":{"footnotes":""},"categories":[64],"tags":[],"class_list":["post-4478","post","type-post","status-publish","format-standard","has-post-thumbnail","hentry","category-jugend"],"_links":{"self":[{"href":"https:\/\/www.tsv-buchbach.de\/fussball\/wp-json\/wp\/v2\/posts\/4478","targetHints":{"allow":["GET"]}}],"collection":[{"href":"https:\/\/www.tsv-buchbach.de\/fussball\/wp-json\/wp\/v2\/posts"}],"about":[{"href":"https:\/\/www.tsv-buchbach.de\/fussball\/wp-json\/wp\/v2\/types\/post"}],"author":[{"embeddable":true,"href":"https:\/\/www.tsv-buchbach.de\/fussball\/wp-json\/wp\/v2\/users\/5"}],"replies":[{"embeddable":true,"href":"https:\/\/www.tsv-buchbach.de\/fussball\/wp-json\/wp\/v2\/comments?post=4478"}],"version-history":[{"count":2,"href":"https:\/\/www.tsv-buchbach.de\/fussball\/wp-json\/wp\/v2\/posts\/4478\/revisions"}],"predecessor-version":[{"id":4483,"href":"https:\/\/www.tsv-buchbach.de\/fussball\/wp-json\/wp\/v2\/posts\/4478\/revisions\/4483"}],"wp:featuredmedia":[{"embeddable":true,"href":"https:\/\/www.tsv-buchbach.de\/fussball\/wp-json\/wp\/v2\/media\/3333"}],"wp:attachment":[{"href":"https:\/\/www.tsv-buchbach.de\/fussball\/wp-json\/wp\/v2\/media?parent=4478"}],"wp:term":[{"taxonomy":"category","embeddable":true,"href":"https:\/\/www.tsv-buchbach.de\/fussball\/wp-json\/wp\/v2\/categories?post=4478"},{"taxonomy":"post_tag","embeddable":true,"href":"https:\/\/www.tsv-buchbach.de\/fussball\/wp-json\/wp\/v2\/tags?post=4478"}],"curies":[{"name":"wp","href":"https:\/\/api.w.org\/{rel}","templated":true}]}}