{"id":4514,"date":"2021-05-29T12:01:24","date_gmt":"2021-05-29T10:01:24","guid":{"rendered":"https:\/\/www.tsv-buchbach.de\/fussball\/?p=4514"},"modified":"2021-05-31T22:16:19","modified_gmt":"2021-05-31T20:16:19","slug":"der-tsv-buchbach-trauert-um-erich-haider","status":"publish","type":"post","link":"https:\/\/www.tsv-buchbach.de\/fussball\/der-tsv-buchbach-trauert-um-erich-haider\/","title":{"rendered":"Der TSV Buchbach trauert um Erich Haider"},"content":{"rendered":"<div class=\"wpb-content-wrapper\"><p>[vc_row][vc_column][vc_custom_heading text=&#8220;Der TSV Buchbach trauert um Erich Haider&#8220;][vc_column_text]Wir trauern um unseren Freund Erich Haider<\/p>\n<p>Mit gro\u00dfer Best\u00fcrzung haben wir vom allzu fr\u00fchen Tod unseres langj\u00e4hrigen Funktion\u00e4rs Erich Haider Kenntnis erlangt, der am Pfingstwochenende trotz l\u00e4ngerer Krankheit v\u00f6llig unerwartet verstorben ist. Erich war uns ein treuer Freund, der in allen Lebenslagen ein offenes Ohr hatte, nicht nur f\u00fcr den TSV Buchbach, sondern f\u00fcr all seine Mitmenschen. Seine heitere und lebenslustige Art hat uns in schwierigen Tagen und selbst in scheinbar verfahrenen Situationen aufgeheitert. Er hat uns zum Lachen gebracht.<\/p>\n<p>Lieber Erich, wir vermissen dich schon jetzt so sehr, wir vermissen deine Geselligkeit, deine Heiterkeit, deine Empathie. Die Buchbacher Fu\u00dfball-Familie trauert um dich. Rot-Wei\u00df tr\u00e4gt Trauer. Wir tragen dich immer im Herzen.[\/vc_column_text][vc_single_image image=&#8220;4528&#8243; img_size=&#8220;large&#8220; alignment=&#8220;center&#8220; onclick=&#8220;img_link_large&#8220; img_link_target=&#8220;_blank&#8220;][\/vc_column][\/vc_row]<\/p>\n<\/div>","protected":false},"excerpt":{"rendered":"<p>[vc_row][vc_column][vc_custom_heading text=&#8220;Der TSV Buchbach trauert um Erich Haider&#8220;][vc_column_text]Wir trauern um unseren Freund Erich Haider Mit gro\u00dfer Best\u00fcrzung haben wir vom allzu fr\u00fchen Tod unseres langj\u00e4hrigen Funktion\u00e4rs Erich Haider Kenntnis erlangt,&#8230;<\/p>\n","protected":false},"author":4,"featured_media":4515,"comment_status":"closed","ping_status":"open","sticky":false,"template":"","format":"standard","meta":{"footnotes":""},"categories":[65,1],"tags":[],"class_list":["post-4514","post","type-post","status-publish","format-standard","has-post-thumbnail","hentry","category-news","category-mannschaft-1"],"_links":{"self":[{"href":"https:\/\/www.tsv-buchbach.de\/fussball\/wp-json\/wp\/v2\/posts\/4514","targetHints":{"allow":["GET"]}}],"collection":[{"href":"https:\/\/www.tsv-buchbach.de\/fussball\/wp-json\/wp\/v2\/posts"}],"about":[{"href":"https:\/\/www.tsv-buchbach.de\/fussball\/wp-json\/wp\/v2\/types\/post"}],"author":[{"embeddable":true,"href":"https:\/\/www.tsv-buchbach.de\/fussball\/wp-json\/wp\/v2\/users\/4"}],"replies":[{"embeddable":true,"href":"https:\/\/www.tsv-buchbach.de\/fussball\/wp-json\/wp\/v2\/comments?post=4514"}],"version-history":[{"count":5,"href":"https:\/\/www.tsv-buchbach.de\/fussball\/wp-json\/wp\/v2\/posts\/4514\/revisions"}],"predecessor-version":[{"id":4530,"href":"https:\/\/www.tsv-buchbach.de\/fussball\/wp-json\/wp\/v2\/posts\/4514\/revisions\/4530"}],"wp:featuredmedia":[{"embeddable":true,"href":"https:\/\/www.tsv-buchbach.de\/fussball\/wp-json\/wp\/v2\/media\/4515"}],"wp:attachment":[{"href":"https:\/\/www.tsv-buchbach.de\/fussball\/wp-json\/wp\/v2\/media?parent=4514"}],"wp:term":[{"taxonomy":"category","embeddable":true,"href":"https:\/\/www.tsv-buchbach.de\/fussball\/wp-json\/wp\/v2\/categories?post=4514"},{"taxonomy":"post_tag","embeddable":true,"href":"https:\/\/www.tsv-buchbach.de\/fussball\/wp-json\/wp\/v2\/tags?post=4514"}],"curies":[{"name":"wp","href":"https:\/\/api.w.org\/{rel}","templated":true}]}}