{"id":4564,"date":"2021-06-12T21:00:00","date_gmt":"2021-06-12T19:00:00","guid":{"rendered":"https:\/\/www.tsv-buchbach.de\/fussball\/?p=4564"},"modified":"2021-06-13T07:01:19","modified_gmt":"2021-06-13T05:01:19","slug":"12-06-2021-d1-junioren-feiern-saisonabschluss-beim-fussballgolf-in-willaberg","status":"publish","type":"post","link":"https:\/\/www.tsv-buchbach.de\/fussball\/12-06-2021-d1-junioren-feiern-saisonabschluss-beim-fussballgolf-in-willaberg\/","title":{"rendered":"D1-Junioren feiern Saisonabschluss beim Fu\u00dfballgolf in Willaberg"},"content":{"rendered":"\n<p>Die D1-Jugend mit ihrem Trainergespann Tobias Brandlhuber\/Michael Behrens lie\u00df die Saison in Willaberg beim Fu\u00dfballgolf ausklingen. Bei angenehmem Wetter wurde von den Trainern, den Spielern und einigen Eltern der schwierige Parcour absolviert. Jakob Fiszel gewann mit 76 Punkten die Spieler-, Daniel Fiszel mit 72 Punkten die Erwachsenenwertung. Die Trainer machten in ihren finalen Laudatios deutlich, dass die Herbstsaison mit Platz 2 in der Kreisliga hervorragend gelaufen ist. Die Entt\u00e4uschung, dass es wegen Corona nicht mehr zum Aufstiegsrelegationsspiel in die Bezirksoberliga kam, sitzt tief, denn die Mannschaft h\u00e4tte alles daran gesetzt, dieses Spiel zu gewinnen. Die Erfahrungen, die man in der Fr\u00fchjahrssaison in der Bezirksoberliga h\u00e4tte sammeln k\u00f6nnen, w\u00e4ren f\u00fcr die Mannschaft und auch die Trainer goldwert gewesen. Au\u00dfer dem 2009er Raphael Maier wechseln alle Spieler in die C-Jugend, die ihren Trainingsbetrieb bereits am Dienstag aufnimmt. Viel Gl\u00fcck in der neuen Saison. Die Trainer bedanken sich bei den Eltern f\u00fcr ein wirklich sensationelles Geschenk: Zwei Eintrittskarten zum EM-Spiel Deutschland &#8211; Ungarn.<\/p>\n\n\n\n<figure class=\"wp-block-image size-large\"><img fetchpriority=\"high\" decoding=\"async\" width=\"1024\" height=\"709\" src=\"https:\/\/www.tsv-buchbach.de\/fussball\/wp-content\/uploads\/2021\/06\/210612-d1-jugend-willaberg-1024x709.jpg\" alt=\"\" class=\"wp-image-4565\" srcset=\"https:\/\/www.tsv-buchbach.de\/fussball\/wp-content\/uploads\/2021\/06\/210612-d1-jugend-willaberg-1024x709.jpg 1024w, https:\/\/www.tsv-buchbach.de\/fussball\/wp-content\/uploads\/2021\/06\/210612-d1-jugend-willaberg-300x208.jpg 300w, https:\/\/www.tsv-buchbach.de\/fussball\/wp-content\/uploads\/2021\/06\/210612-d1-jugend-willaberg-768x532.jpg 768w, https:\/\/www.tsv-buchbach.de\/fussball\/wp-content\/uploads\/2021\/06\/210612-d1-jugend-willaberg-310x215.jpg 310w, https:\/\/www.tsv-buchbach.de\/fussball\/wp-content\/uploads\/2021\/06\/210612-d1-jugend-willaberg-60x42.jpg 60w, https:\/\/www.tsv-buchbach.de\/fussball\/wp-content\/uploads\/2021\/06\/210612-d1-jugend-willaberg-98x68.jpg 98w, https:\/\/www.tsv-buchbach.de\/fussball\/wp-content\/uploads\/2021\/06\/210612-d1-jugend-willaberg-600x416.jpg 600w, https:\/\/www.tsv-buchbach.de\/fussball\/wp-content\/uploads\/2021\/06\/210612-d1-jugend-willaberg.jpg 1067w\" sizes=\"(max-width: 1024px) 100vw, 1024px\" \/><figcaption>von links: Michael Behrens, Niklas Zehentner, Felix Grinzinger, Linus Strobel, Julinan Kreuzpaintner, Gabriel Maier, Jakob Fiszel, Benedikt Brand, Korbinian Gill, Simon Brandlhuber, Raphael Maier, Jonathan Bietzker, Tobias Brandlhuber<\/figcaption><\/figure>\n","protected":false},"excerpt":{"rendered":"<p>Die D1-Jugend mit ihrem Trainergespann Tobias Brandlhuber\/Michael Behrens lie\u00df die Saison in Willaberg beim Fu\u00dfballgolf ausklingen. Bei angenehmem Wetter wurde von den Trainern, den Spielern und einigen Eltern der schwierige&#8230;<\/p>\n","protected":false},"author":5,"featured_media":4565,"comment_status":"closed","ping_status":"open","sticky":false,"template":"","format":"standard","meta":{"footnotes":""},"categories":[64],"tags":[],"class_list":["post-4564","post","type-post","status-publish","format-standard","has-post-thumbnail","hentry","category-jugend"],"_links":{"self":[{"href":"https:\/\/www.tsv-buchbach.de\/fussball\/wp-json\/wp\/v2\/posts\/4564","targetHints":{"allow":["GET"]}}],"collection":[{"href":"https:\/\/www.tsv-buchbach.de\/fussball\/wp-json\/wp\/v2\/posts"}],"about":[{"href":"https:\/\/www.tsv-buchbach.de\/fussball\/wp-json\/wp\/v2\/types\/post"}],"author":[{"embeddable":true,"href":"https:\/\/www.tsv-buchbach.de\/fussball\/wp-json\/wp\/v2\/users\/5"}],"replies":[{"embeddable":true,"href":"https:\/\/www.tsv-buchbach.de\/fussball\/wp-json\/wp\/v2\/comments?post=4564"}],"version-history":[{"count":4,"href":"https:\/\/www.tsv-buchbach.de\/fussball\/wp-json\/wp\/v2\/posts\/4564\/revisions"}],"predecessor-version":[{"id":4572,"href":"https:\/\/www.tsv-buchbach.de\/fussball\/wp-json\/wp\/v2\/posts\/4564\/revisions\/4572"}],"wp:featuredmedia":[{"embeddable":true,"href":"https:\/\/www.tsv-buchbach.de\/fussball\/wp-json\/wp\/v2\/media\/4565"}],"wp:attachment":[{"href":"https:\/\/www.tsv-buchbach.de\/fussball\/wp-json\/wp\/v2\/media?parent=4564"}],"wp:term":[{"taxonomy":"category","embeddable":true,"href":"https:\/\/www.tsv-buchbach.de\/fussball\/wp-json\/wp\/v2\/categories?post=4564"},{"taxonomy":"post_tag","embeddable":true,"href":"https:\/\/www.tsv-buchbach.de\/fussball\/wp-json\/wp\/v2\/tags?post=4564"}],"curies":[{"name":"wp","href":"https:\/\/api.w.org\/{rel}","templated":true}]}}