{"id":4616,"date":"2021-06-19T10:50:56","date_gmt":"2021-06-19T08:50:56","guid":{"rendered":"https:\/\/www.tsv-buchbach.de\/fussball\/?p=4616"},"modified":"2021-06-19T10:50:56","modified_gmt":"2021-06-19T08:50:56","slug":"sprungbrett-buchbach-neues-foerderkonzept","status":"publish","type":"post","link":"https:\/\/www.tsv-buchbach.de\/fussball\/sprungbrett-buchbach-neues-foerderkonzept\/","title":{"rendered":"Sprungbrett Buchbach: Neues F\u00f6rderkonzept"},"content":{"rendered":"<div class=\"wpb-content-wrapper\"><p>[vc_row][vc_column][vc_column_text]<strong>Ausbildung junger Spieler mit Perspektive: N\u00e4chster Mattera gesucht<\/strong><\/p>\n<p>Als sich der TSV Buchbach innerhalb kurzer Zeit von der Bezirksliga bis in die Regionalliga katapultierte, hielt die strukturelle Entwicklung in Teilen des Vereins nicht mit, doch seit einigen Jahren legen die Rot-Wei\u00dfen ihren Fokus verst\u00e4rkt auf die Jugendarbeit und die F\u00f6rderung von Nachwuchsspielern in der U23, die ja seit 2018 in der Bezirksliga spielt.<\/p>\n<p>J\u00fcngstes Beispiel einer sehr erfolgreichen Entwicklung von der Jugend-Kreisklasse bis hin zur Regionalliga ist Manuel Mattera (19), Jugend-Koordinator Helmut Laggerbauer ist jedoch \u00fcberzeugt: <strong>\u201eWir haben im Verein mehrere Spieler, die \u00e4hnliches Potenzial haben, ich habe da einige talentierte Spieler im Blick, die ich jetzt schon seit vier Jahren begleite. Aber wir haben immer auch offene Augen und Ohren f\u00fcr junge Spieler aus der Region, die vielleicht nur Kreisklasse oder Kreisliga spielen und nur kurz oder gar nicht im NLZ oder am St\u00fctzpunkt waren.\u201c<\/strong> Bezirksliga-Trainer Manuel Neubauer, der ja als Spieler selbst mit Buchbach von der Bezirksliga bis in die Regionalliga aufgestiegen ist und damit sozusagen das Vorbild f\u00fcr die heutige Generation junger Spieler darstellt, wei\u00df aus eigener Erfahrung, wie man eine erfolgreiche Laufbahn startet: <strong>\u201eIch bin ja damals auch ins kalte Wasser gesprungen und wei\u00df, dass man mit Mut, Risiko und Wille viel erreichen kann.\u201c<\/strong> Ein weiteres Vorbild aus der Regionalliga-Mannschaft ist auch Samed Bahar (23), der zwar am BFV-NLZ in Burghausen und am DFB-St\u00fctzpunkt war und auch in Auswahlmannschaften gespielt, aber es eben nie zu einem Bundesliga-NLZ geschafft hat. \u00dcber den \u201eUmweg\u201c Landesliga beim FC T\u00f6ging, von dem er 2018 nach Buchbach gekommen ist, hat er mittlerweile fast 50 Regionalliga-Spiele absolviert und ist aus dem Team nicht mehr wegzudenken. Neubauer: <strong>\u201eEr hat sich das auch zugetraut und es mit Flei\u00df und Ehrgeiz gepackt.\u201c<\/strong><\/p>\n<p>Insgesamt 16 neue Spieler \u2013 einige davon aus der eigenen U19 &#8211; stehen bei Neubauer im stark verj\u00fcngten Bezirksliga-Kader. <strong>\u201eDieser Umbruch kommt genau zur richtigen Zeit, f\u00fcr viele Spieler ist es die ideale Chance, weil wir ja die Mannschaft neu aufbauen m\u00fcssen\u201c<\/strong>, so Neubauer, der auch junge Spieler mit eigenem Kopf f\u00f6rdern will: <strong>\u201eIch hatte in jungen Jahren ja auch meine Marotten. Deswegen bekommen bei uns auch Typen, die vielleicht etwas anders ticken, ihre Chance. Unterm Strich kommt es ja auf die Mischung in der Mannschaft an.\u201c<\/strong><\/p>\n<p>Laggerbauers Vision ab der Saison 2022\/23 ist, dass die U23 von drei gestandenen Bezirksligaspielern gef\u00fchrt wird und der Rest der Truppe aus Ausbildungsspielern besteht: <strong>\u201eNicht jeder U19-Spieler kann ja gleich Landes- oder gar Bayernliga spielen. Unser Vorteil ist, dass wir im Gegensatz zu den gr\u00f6\u00dferen Vereinen aus der Umgebung wie Rosenheim, Burghausen, Ampfing oder Landshut eine zweite Mannschaft haben, in der die Spieler in einer guten Liga Praxis sammeln und die Talente reifen k\u00f6nnen.\u201c<\/strong> Und Neubauer erg\u00e4nzt: <strong>\u201eUnser gro\u00dfes Ziel ist es, Talente nach oben zu bringen.\u201c<\/strong><\/p>\n<p>K\u00fcnftig sollen auch verst\u00e4rkt U19-Spieler ins Herrentraining der Bezirksliga-Mannschaft reinschnuppern. Neubauer: <strong>\u201eWir wollen da einen speziellen F\u00f6rderkader schaffen und so die Entwicklung vorantreiben.\u201c<\/strong><\/p>\n<p>Absolut zufrieden \u00fcber die Entwicklung der letzten Jahre und zuversichtlich hinsichtlich der n\u00e4chsten Schritte zeigt sich auch Sportlicher Leiter Georg Hanslmaier: <strong>\u201eIch bin froh, dass Helmut Laggerbauer in Abstimmung mit mir die Initiative ergriffen und Verantwortung \u00fcbernommen hat. Gerade weil er jetzt durchg\u00e4ngig von der U15 bis hin zur U23 alles auf dem Radar hat, bin ich \u00fcberzeugt davon, dass wir weiterhin den richtigen Weg einschlagen werden.\u201c<\/strong>[\/vc_column_text][vc_column_text]<em>Foto &amp; Text: \u00a9 mb.presse, weitere Ver\u00f6ffentlichungen nur mit Zustimmung des Autors<\/em>[\/vc_column_text][\/vc_column][\/vc_row]<\/p>\n<\/div>","protected":false},"excerpt":{"rendered":"<p>[vc_row][vc_column][vc_column_text]Ausbildung junger Spieler mit Perspektive: N\u00e4chster Mattera gesucht Als sich der TSV Buchbach innerhalb kurzer Zeit von der Bezirksliga bis in die Regionalliga katapultierte, hielt die strukturelle Entwicklung in Teilen&#8230;<\/p>\n","protected":false},"author":4,"featured_media":4617,"comment_status":"closed","ping_status":"open","sticky":false,"template":"","format":"standard","meta":{"footnotes":""},"categories":[80,65],"tags":[],"class_list":["post-4616","post","type-post","status-publish","format-standard","has-post-thumbnail","hentry","category-mannschaft-2","category-news"],"_links":{"self":[{"href":"https:\/\/www.tsv-buchbach.de\/fussball\/wp-json\/wp\/v2\/posts\/4616","targetHints":{"allow":["GET"]}}],"collection":[{"href":"https:\/\/www.tsv-buchbach.de\/fussball\/wp-json\/wp\/v2\/posts"}],"about":[{"href":"https:\/\/www.tsv-buchbach.de\/fussball\/wp-json\/wp\/v2\/types\/post"}],"author":[{"embeddable":true,"href":"https:\/\/www.tsv-buchbach.de\/fussball\/wp-json\/wp\/v2\/users\/4"}],"replies":[{"embeddable":true,"href":"https:\/\/www.tsv-buchbach.de\/fussball\/wp-json\/wp\/v2\/comments?post=4616"}],"version-history":[{"count":1,"href":"https:\/\/www.tsv-buchbach.de\/fussball\/wp-json\/wp\/v2\/posts\/4616\/revisions"}],"predecessor-version":[{"id":4618,"href":"https:\/\/www.tsv-buchbach.de\/fussball\/wp-json\/wp\/v2\/posts\/4616\/revisions\/4618"}],"wp:featuredmedia":[{"embeddable":true,"href":"https:\/\/www.tsv-buchbach.de\/fussball\/wp-json\/wp\/v2\/media\/4617"}],"wp:attachment":[{"href":"https:\/\/www.tsv-buchbach.de\/fussball\/wp-json\/wp\/v2\/media?parent=4616"}],"wp:term":[{"taxonomy":"category","embeddable":true,"href":"https:\/\/www.tsv-buchbach.de\/fussball\/wp-json\/wp\/v2\/categories?post=4616"},{"taxonomy":"post_tag","embeddable":true,"href":"https:\/\/www.tsv-buchbach.de\/fussball\/wp-json\/wp\/v2\/tags?post=4616"}],"curies":[{"name":"wp","href":"https:\/\/api.w.org\/{rel}","templated":true}]}}