{"id":4749,"date":"2021-07-09T11:05:53","date_gmt":"2021-07-09T09:05:53","guid":{"rendered":"https:\/\/www.tsv-buchbach.de\/fussball\/?p=4749"},"modified":"2021-07-09T11:05:55","modified_gmt":"2021-07-09T09:05:55","slug":"c1-als-abschluss-ein-30-ueber-den-tsv-dorfen","status":"publish","type":"post","link":"https:\/\/www.tsv-buchbach.de\/fussball\/c1-als-abschluss-ein-30-ueber-den-tsv-dorfen\/","title":{"rendered":"C1 \u2013 Als Abschluss ein 3:0 \u00fcber den TSV Dorfen"},"content":{"rendered":"\n<p>TSV Buchbach : TSV Dorfen    3:0  (0:0)<\/p>\n\n\n\n<p>Nachdem die elend lange Coronapause endlich um war und die Jungs wieder auf den Platz durften, war uns bereits klar, dass der Traum vom Aufstieg in die BOL und damit verbundene R\u00fcckrunde in der dortigen Liga ein Traum bleiben wird. Aufgrund der wenigen verbleibenden Wochen, konnte nicht einmal mehr die Vorrunde abgeschlossen werden, welche unsere Jungs punktgleich mit dem SV Wacker Burghausen abschlie\u00dfen h\u00e4tten k\u00f6nnen.<\/p>\n\n\n\n<p>So waren die Spieler und Trainer bem\u00fcht, so viel wie m\u00f6glich von der Coronapause aufzuholen, um die 2006er einigerma\u00dfen fit in die neue dreij\u00e4hrige A-Jugend zu schicken.\u00a0 <\/p>\n\n\n\n<p>Was uns aber klar war, wir brauchen noch einen Abschluss und\nda kam der Anruf vom Trainerkollege J\u00f6rg L\u00fcers der Dorfner U15 gerade recht und\nwir vereinbarten ein letztes Spiel mit anschlie\u00dfender Abschlussfeier. <\/p>\n\n\n\n<p>F\u00fcr unseren Trainerbub Luca war dies ein besonderes\nHighlight, da er in der letzten Saison noch f\u00fcr Dorfen seine Fu\u00dfballschuhe in\nder Bezirksoberliga schn\u00fcrte. Dementsprechend wurde aus dem geplanten\nFreundschaftssommerkick bei angenehmen 30\u00b0 Grad (Ansto\u00dfzeit war 19 Uhr), eine\nrelativ ernst gef\u00fchrte Partie. Weder die ehemaligen Kicker aus Dorfen, noch\nunser \u201eroter, eingeschworener Haufen\u201c wollte dieses prestigetr\u00e4chtige Spiel\nverlieren. <\/p>\n\n\n\n<p>Schnell war klar, dass die vorangegangenen Trainings\neinigerma\u00dfen die Kondition zur\u00fcckgebracht haben, denn die Buchbacher gaben\ntrotz dieser Temperaturen richtig Gas. Vergessen wurde allerdings aus den\ndurchaus guten Gelegenheiten auch einmal einen Schuss auf das G\u00e4stetor\nabzugeben.<\/p>\n\n\n\n<p>So verging die erste Halbzeit ohne gro\u00dfe Torchance auf\nbeiden Seiten. <\/p>\n\n\n\n<p>Die zweite Halbzeit hatte es dann in sich. Nach und nach wurde das Spiel ruppiger und die erste dicke Torchance hatten die Dorfner, nach einem musterg\u00fcltig zur\u00fcckgelegten Ball auf den 11er Punkt schoss der unbedr\u00e4ngte St\u00fcrmer den Ball ziemlich zentral Richtung Lukas, der diesen mit einem Monsterreflex sicher festhielt. Die n\u00e4chste Ecke f\u00fcr den TSV brachte das lang ersehnte 1:0 als Johannes die Ecke direkt vors Tor schlug und die Dorfner den Ball nicht mehr kl\u00e4ren konnten, ging die Ecke vermutlich direkt ins Tor (50.). Ab diesen Zeitpunkt war Dorfen vor allem mit langen B\u00e4llen aktiv, konnte aber nicht mehr viel ausrichten. Unsere Jungs legten daf\u00fcr nach, Luca schickte Niki ins Laufduell mit Dorfens Abwehrchef, da Niki seinen K\u00f6rper Musterg\u00fcltig einsetzte, konnte er dieses gewinnen und schob zum mittlerweile hochverdienten 2:0 ein (70.).<\/p>\n\n\n\n<p>Den wundersch\u00f6nen Schlusspunkt an eine komische Saison\nsetzte Woide, der von Nick mit einer Traumflanke bedient wurde und per Kopf zum\n3:0 Endstand einnickte (70+2).<\/p>\n\n\n\n<p>Im Anschluss an das Spiel hatte der Wirt vom neuen Fa\u00dfl schon alles vorbereitet und so konnten wir bei gem\u00fctlicher Runde den Saisonabschluss feiern. Uns, Lara und mir, bleibt nun nur noch ein riesen Dankesch\u00f6n an diesen geilen Haufen zu sagen. Jungs, bleibt\u00b4s wia\u00b4s seits und dem Fu\u00dfball immer treu! Euer Trainerteam<\/p>\n\n\n\n<figure class=\"wp-block-image size-large\"><img fetchpriority=\"high\" decoding=\"async\" width=\"1024\" height=\"768\" src=\"https:\/\/www.tsv-buchbach.de\/fussball\/wp-content\/uploads\/2021\/07\/IMG_6754-1024x768.jpg\" alt=\"\" class=\"wp-image-4750\" srcset=\"https:\/\/www.tsv-buchbach.de\/fussball\/wp-content\/uploads\/2021\/07\/IMG_6754-1024x768.jpg 1024w, https:\/\/www.tsv-buchbach.de\/fussball\/wp-content\/uploads\/2021\/07\/IMG_6754-300x225.jpg 300w, https:\/\/www.tsv-buchbach.de\/fussball\/wp-content\/uploads\/2021\/07\/IMG_6754-150x113.jpg 150w, https:\/\/www.tsv-buchbach.de\/fussball\/wp-content\/uploads\/2021\/07\/IMG_6754-768x576.jpg 768w, https:\/\/www.tsv-buchbach.de\/fussball\/wp-content\/uploads\/2021\/07\/IMG_6754-1536x1152.jpg 1536w, https:\/\/www.tsv-buchbach.de\/fussball\/wp-content\/uploads\/2021\/07\/IMG_6754-scaled.jpg 2048w, https:\/\/www.tsv-buchbach.de\/fussball\/wp-content\/uploads\/2021\/07\/IMG_6754-128x96.jpg 128w, https:\/\/www.tsv-buchbach.de\/fussball\/wp-content\/uploads\/2021\/07\/IMG_6754-32x24.jpg 32w, https:\/\/www.tsv-buchbach.de\/fussball\/wp-content\/uploads\/2021\/07\/IMG_6754-98x74.jpg 98w, https:\/\/www.tsv-buchbach.de\/fussball\/wp-content\/uploads\/2021\/07\/IMG_6754-160x120.jpg 160w, https:\/\/www.tsv-buchbach.de\/fussball\/wp-content\/uploads\/2021\/07\/IMG_6754-600x450.jpg 600w\" sizes=\"(max-width: 1024px) 100vw, 1024px\" \/><figcaption>Die Burschen der C1 und C2 hatten eine kleine \u00dcberraschung f\u00fcr die Trainer<\/figcaption><\/figure>\n","protected":false},"excerpt":{"rendered":"<p>TSV Buchbach : TSV Dorfen 3:0 (0:0) Nachdem die elend lange Coronapause endlich um war und die Jungs wieder auf den Platz durften, war uns bereits klar, dass der Traum&#8230;<\/p>\n","protected":false},"author":6,"featured_media":3782,"comment_status":"closed","ping_status":"open","sticky":false,"template":"","format":"standard","meta":{"footnotes":""},"categories":[64],"tags":[],"class_list":["post-4749","post","type-post","status-publish","format-standard","has-post-thumbnail","hentry","category-jugend"],"_links":{"self":[{"href":"https:\/\/www.tsv-buchbach.de\/fussball\/wp-json\/wp\/v2\/posts\/4749","targetHints":{"allow":["GET"]}}],"collection":[{"href":"https:\/\/www.tsv-buchbach.de\/fussball\/wp-json\/wp\/v2\/posts"}],"about":[{"href":"https:\/\/www.tsv-buchbach.de\/fussball\/wp-json\/wp\/v2\/types\/post"}],"author":[{"embeddable":true,"href":"https:\/\/www.tsv-buchbach.de\/fussball\/wp-json\/wp\/v2\/users\/6"}],"replies":[{"embeddable":true,"href":"https:\/\/www.tsv-buchbach.de\/fussball\/wp-json\/wp\/v2\/comments?post=4749"}],"version-history":[{"count":1,"href":"https:\/\/www.tsv-buchbach.de\/fussball\/wp-json\/wp\/v2\/posts\/4749\/revisions"}],"predecessor-version":[{"id":4751,"href":"https:\/\/www.tsv-buchbach.de\/fussball\/wp-json\/wp\/v2\/posts\/4749\/revisions\/4751"}],"wp:featuredmedia":[{"embeddable":true,"href":"https:\/\/www.tsv-buchbach.de\/fussball\/wp-json\/wp\/v2\/media\/3782"}],"wp:attachment":[{"href":"https:\/\/www.tsv-buchbach.de\/fussball\/wp-json\/wp\/v2\/media?parent=4749"}],"wp:term":[{"taxonomy":"category","embeddable":true,"href":"https:\/\/www.tsv-buchbach.de\/fussball\/wp-json\/wp\/v2\/categories?post=4749"},{"taxonomy":"post_tag","embeddable":true,"href":"https:\/\/www.tsv-buchbach.de\/fussball\/wp-json\/wp\/v2\/tags?post=4749"}],"curies":[{"name":"wp","href":"https:\/\/api.w.org\/{rel}","templated":true}]}}