{"id":5124,"date":"2021-08-30T16:52:13","date_gmt":"2021-08-30T14:52:13","guid":{"rendered":"https:\/\/www.tsv-buchbach.de\/fussball\/?p=5124"},"modified":"2021-08-30T16:53:56","modified_gmt":"2021-08-30T14:53:56","slug":"foerderverein-sepp-kupper-folgt-auf-leonhard-werner","status":"publish","type":"post","link":"https:\/\/www.tsv-buchbach.de\/fussball\/foerderverein-sepp-kupper-folgt-auf-leonhard-werner\/","title":{"rendered":"F\u00f6rderverein: Sepp Kupper folgt auf Leonhard Werner"},"content":{"rendered":"<div class=\"wpb-content-wrapper\"><p>[vc_row][vc_column][vc_column_text]<em>Bild: Die Rot-Wei\u00dfen wollen, wie hier nach dem Ausgleich gegen Schweinfurt, auch in Aschaffenburg jubeln k\u00f6nnen.<\/em>[\/vc_column_text][vc_empty_space][vc_custom_heading text=&#8220;F\u00f6rderverein: Sepp Kupper folgt auf Leonhard Werner&#8220;][vc_column_text]Aufgrund des R\u00fccktritts mit sofortiger Wirkung des 2. Vorsitzenden und Kassier des F\u00f6rdervereins des TSV Buchbach, Leonhard Werner, war die au\u00dferordentliche Mitgliederversammlung mit Neuwahl f\u00fcr dieses Amt notwendig.<\/p>\n<p>Der Vorsitzende Erwin Bierofka blickte zu Beginn der Versammlung auf den Zweck des F\u00f6rdervereins, die Historie und Erfolge, vor allem hinsichtlich der 19 abgehaltenen Starkbierfeste zur\u00fcck. Der F\u00f6rderverein hat aktuell 53 Mitglieder und schlie\u00dft extern den Club der 100 und Club der 1000 verwaltungstechnisch ein. Dazu konnte Bierofka \u00fcber einen ansprechenden Kassenstand berichten.<\/p>\n<p>Die Wahl f\u00fcr den ausgeschiedenen ehemaligen Fu\u00dfballer und langj\u00e4hrigen F\u00f6rderer des TSV Buchbach leitete der neue Abteilungsleiter Georg Hanslmaier, der sogleich mit Sepp Kupper einen ad\u00e4quaten Kandidaten f\u00fcr das vakante Amt des 2. Vorsitzenden pr\u00e4sentieren konnte. Die Wahl ging daher schnell vonstatten und so wurde Sepp Kupper einstimmig als Nachfolger von Leonhard Werner gew\u00e4hlt.<\/p>\n<p>Sepp Kupper ist in TSV-Kreisen kein Unbekannter. Als ehemaliger aktiver Spieler und Kapit\u00e4n einer der Erfolgsmannschaften auf dem Weg in die Regionalliga, Co-Trainer und Teammanager unter Anton Bobenstetter, war er lange Jahre eine tragende S\u00e4ule der Buchbacher Erfolgsgeschichte und kennt den TSV wie seine Westentasche.<\/p>\n<p>Der Vorstandschaft und dem Beirat des F\u00f6rdervereins des TSV Buchbach geh\u00f6ren nun mit dem 1. Vorsitzenden: Erwin Bierofka, 2. Vorsitzenden und Kassier: Sepp Kupper, die Beir\u00e4te: G\u00fcnther Gr\u00fcbl, Xaver Kohlm\u00fcller und Walter Lippl, sowie die Kassenpr\u00fcfer: Martin Hanslmeier und Walter Hiermer, an. Vorsitzender Erwin Bierofka und auch der Abteilungsleiter Georg Hanslmaier dankten unter gro\u00dfem Beifall dem zur\u00fcckgetretenen, abwesenden Leonhard Werner f\u00fcr seinen langj\u00e4hrigen Einsatz f\u00fcr den TSV und den F\u00f6rderverein und blickten auf die langj\u00e4hrige gute und angenehme Zusammenarbeit zur\u00fcck.<\/p>\n<p>Bierofka hob in seinem Bericht hervor, der F\u00f6rderverein sei ein eigenst\u00e4ndiger, in seinen Entscheidungen unabh\u00e4ngiger Verein und verstehe sich als F\u00f6rdervereinigung f\u00fcr alle Abteilungen des TSV, was aus welchen Gr\u00fcnden auch immer, nicht von allen Abteilungen angenommen werde. Daher kristallisierte sich die haupts\u00e4chliche Unterst\u00fctzung mit einer j\u00e4hrlichen Spende f\u00fcr die Jugendarbeit der Fu\u00dfballabteilung des TSV Buchbach heraus, die bei Veranstaltungen des F\u00f6rdervereins auch die entsprechenden Leistungen erbringe.<\/p>\n<p>Mit ihrer F\u00f6rderung f\u00fcr den TSV wollen sie dazu beitragen, dass an die jungen Sportlerinnen und Sportler Werte wie Respekt, Disziplin, aber auch Freude am Sport, sowie Teil einer Gemeinschaft zu sein, miteinander Erfolg zu haben und sich daran zu erfreuen, vermittelt wird. Dies so Bierofka, betrachte der F\u00f6rderverein als sehr wichtigen Grundstein f\u00fcr eine gedeihliche Entwicklung von Charakteren. Dies sei auch die Philosophie der Arbeit im TSV Buchbach mit ihren Abteilungen, herausgehoben der Fu\u00dfballabteilung. Der F\u00f6rderverein will dies nach Kr\u00e4ften unterst\u00fctzen und m\u00f6chte mit seinem finanziellen Engagement ein Bestandteil dieses Fundamentes sein. Schon viele h\u00e4tten sich als F\u00f6rderer dieser Idee angeschlossen, je mehr wir sind, desto gr\u00f6\u00dfer sei die Wirkung zu Gunsten des TSV Buchbach, so Bierofka, der sich \u00fcber jeden freut, der sich dem F\u00f6rderverein anschlie\u00dft.<\/p>\n<p>Zum Schluss wies er noch auf den Auftritt von Knedl &amp; Kraut am Freitag, 26. November im Buchbacher Kulturhaus hin. Der Vorverkauf beginnt wegen der zu diesem Termin noch nicht bekannten Corona-Regelungen kurzfristig vor dem Konzert und wird rechtzeitig bekannt gegeben.[\/vc_column_text][\/vc_column][\/vc_row]<\/p>\n<\/div>","protected":false},"excerpt":{"rendered":"<p>[vc_row][vc_column][vc_column_text]Bild: Die Rot-Wei\u00dfen wollen, wie hier nach dem Ausgleich gegen Schweinfurt, auch in Aschaffenburg jubeln k\u00f6nnen.[\/vc_column_text][vc_empty_space][vc_custom_heading text=&#8220;F\u00f6rderverein: Sepp Kupper folgt auf Leonhard Werner&#8220;][vc_column_text]Aufgrund des R\u00fccktritts mit sofortiger Wirkung des 2&#8230;.<\/p>\n","protected":false},"author":4,"featured_media":5125,"comment_status":"closed","ping_status":"open","sticky":false,"template":"","format":"standard","meta":{"footnotes":""},"categories":[65],"tags":[],"class_list":["post-5124","post","type-post","status-publish","format-standard","has-post-thumbnail","hentry","category-news"],"_links":{"self":[{"href":"https:\/\/www.tsv-buchbach.de\/fussball\/wp-json\/wp\/v2\/posts\/5124","targetHints":{"allow":["GET"]}}],"collection":[{"href":"https:\/\/www.tsv-buchbach.de\/fussball\/wp-json\/wp\/v2\/posts"}],"about":[{"href":"https:\/\/www.tsv-buchbach.de\/fussball\/wp-json\/wp\/v2\/types\/post"}],"author":[{"embeddable":true,"href":"https:\/\/www.tsv-buchbach.de\/fussball\/wp-json\/wp\/v2\/users\/4"}],"replies":[{"embeddable":true,"href":"https:\/\/www.tsv-buchbach.de\/fussball\/wp-json\/wp\/v2\/comments?post=5124"}],"version-history":[{"count":2,"href":"https:\/\/www.tsv-buchbach.de\/fussball\/wp-json\/wp\/v2\/posts\/5124\/revisions"}],"predecessor-version":[{"id":5127,"href":"https:\/\/www.tsv-buchbach.de\/fussball\/wp-json\/wp\/v2\/posts\/5124\/revisions\/5127"}],"wp:featuredmedia":[{"embeddable":true,"href":"https:\/\/www.tsv-buchbach.de\/fussball\/wp-json\/wp\/v2\/media\/5125"}],"wp:attachment":[{"href":"https:\/\/www.tsv-buchbach.de\/fussball\/wp-json\/wp\/v2\/media?parent=5124"}],"wp:term":[{"taxonomy":"category","embeddable":true,"href":"https:\/\/www.tsv-buchbach.de\/fussball\/wp-json\/wp\/v2\/categories?post=5124"},{"taxonomy":"post_tag","embeddable":true,"href":"https:\/\/www.tsv-buchbach.de\/fussball\/wp-json\/wp\/v2\/tags?post=5124"}],"curies":[{"name":"wp","href":"https:\/\/api.w.org\/{rel}","templated":true}]}}