{"id":5344,"date":"2021-10-12T18:16:11","date_gmt":"2021-10-12T16:16:11","guid":{"rendered":"https:\/\/www.tsv-buchbach.de\/fussball\/?p=5344"},"modified":"2021-10-12T18:16:11","modified_gmt":"2021-10-12T16:16:11","slug":"anton-bobenstetter-zu-gast-bei-muenchen-tv","status":"publish","type":"post","link":"https:\/\/www.tsv-buchbach.de\/fussball\/anton-bobenstetter-zu-gast-bei-muenchen-tv\/","title":{"rendered":"Anton Bobenstetter zu Gast bei M\u00fcnchen-TV"},"content":{"rendered":"<div class=\"wpb-content-wrapper\"><p>[vc_row][vc_column][vc_column_text]Der Sportliche Leiter Anton Bobenstetter war am Montagabend in der SportARENA bei M\u00fcnchen-TV zu Gast und hat \u00fcber die bei Spiele der Rot-Wei\u00dfen gegen die M\u00fcnchner Klubs (1860 und Unterhaching) gesprochen.<\/p>\n<p><a href=\"https:\/\/www.muenchen.tv\/mediathek\/video\/in-der-regionalliga-bayern-treffen-die-spielvereinigung-unterhaching-und-der-tsv-buchbach-aufeinander-mp4\/\" target=\"_blank\" rel=\"noopener noreferrer\"><span style=\"color: #0000ff;\">&gt;&gt;Hier geht&#8217;s zum Beitrag<\/span><\/a>[\/vc_column_text][\/vc_column][\/vc_row]<\/p>\n<\/div>","protected":false},"excerpt":{"rendered":"<p>[vc_row][vc_column][vc_column_text]Der Sportliche Leiter Anton Bobenstetter war am Montagabend in der SportARENA bei M\u00fcnchen-TV zu Gast und hat \u00fcber die bei Spiele der Rot-Wei\u00dfen gegen die M\u00fcnchner Klubs (1860 und Unterhaching)&#8230;<\/p>\n","protected":false},"author":4,"featured_media":5345,"comment_status":"closed","ping_status":"open","sticky":false,"template":"","format":"standard","meta":{"footnotes":""},"categories":[65,1],"tags":[],"class_list":["post-5344","post","type-post","status-publish","format-standard","has-post-thumbnail","hentry","category-news","category-mannschaft-1"],"_links":{"self":[{"href":"https:\/\/www.tsv-buchbach.de\/fussball\/wp-json\/wp\/v2\/posts\/5344","targetHints":{"allow":["GET"]}}],"collection":[{"href":"https:\/\/www.tsv-buchbach.de\/fussball\/wp-json\/wp\/v2\/posts"}],"about":[{"href":"https:\/\/www.tsv-buchbach.de\/fussball\/wp-json\/wp\/v2\/types\/post"}],"author":[{"embeddable":true,"href":"https:\/\/www.tsv-buchbach.de\/fussball\/wp-json\/wp\/v2\/users\/4"}],"replies":[{"embeddable":true,"href":"https:\/\/www.tsv-buchbach.de\/fussball\/wp-json\/wp\/v2\/comments?post=5344"}],"version-history":[{"count":1,"href":"https:\/\/www.tsv-buchbach.de\/fussball\/wp-json\/wp\/v2\/posts\/5344\/revisions"}],"predecessor-version":[{"id":5346,"href":"https:\/\/www.tsv-buchbach.de\/fussball\/wp-json\/wp\/v2\/posts\/5344\/revisions\/5346"}],"wp:featuredmedia":[{"embeddable":true,"href":"https:\/\/www.tsv-buchbach.de\/fussball\/wp-json\/wp\/v2\/media\/5345"}],"wp:attachment":[{"href":"https:\/\/www.tsv-buchbach.de\/fussball\/wp-json\/wp\/v2\/media?parent=5344"}],"wp:term":[{"taxonomy":"category","embeddable":true,"href":"https:\/\/www.tsv-buchbach.de\/fussball\/wp-json\/wp\/v2\/categories?post=5344"},{"taxonomy":"post_tag","embeddable":true,"href":"https:\/\/www.tsv-buchbach.de\/fussball\/wp-json\/wp\/v2\/tags?post=5344"}],"curies":[{"name":"wp","href":"https:\/\/api.w.org\/{rel}","templated":true}]}}