{"id":5348,"date":"2021-10-13T09:06:18","date_gmt":"2021-10-13T07:06:18","guid":{"rendered":"https:\/\/www.tsv-buchbach.de\/fussball\/?p=5348"},"modified":"2021-10-13T14:41:15","modified_gmt":"2021-10-13T12:41:15","slug":"buchbach-knackt-die-30-punkte-marke","status":"publish","type":"post","link":"https:\/\/www.tsv-buchbach.de\/fussball\/buchbach-knackt-die-30-punkte-marke\/","title":{"rendered":"Buchbach knackt die 30-Punkte-Marke"},"content":{"rendered":"<div class=\"wpb-content-wrapper\"><p>[vc_row][vc_column][vc_column_text]<em>Bild: Erst Sch\u00fctze zum 1:0 f\u00fcr Buchbach, dann mit einer Sprunggelenksverletzung ausgeschieden: Kapit\u00e4n Aleksandro Petrovic.<\/em>[\/vc_column_text][vc_empty_space height=&#8220;16px&#8220;][vc_custom_heading text=&#8220;Buchbach knackt die 30-Punkte-Marke&#8220;][vc_raw_js]JTNDaWZyYW1lJTIwd2lkdGglM0QlMjI1NjAlMjIlMjBoZWlnaHQlM0QlMjIzMTUlMjIlMjBzcmMlM0QlMjJodHRwcyUzQSUyRiUyRnd3dy55b3V0dWJlLmNvbSUyRmVtYmVkJTJGd1FmQTdKM25LdVElMjIlMjB0aXRsZSUzRCUyMllvdVR1YmUlMjB2aWRlbyUyMHBsYXllciUyMiUyMGZyYW1lYm9yZGVyJTNEJTIyMCUyMiUyMGFsbG93JTNEJTIyYWNjZWxlcm9tZXRlciUzQiUyMGF1dG9wbGF5JTNCJTIwY2xpcGJvYXJkLXdyaXRlJTNCJTIwZW5jcnlwdGVkLW1lZGlhJTNCJTIwZ3lyb3Njb3BlJTNCJTIwcGljdHVyZS1pbi1waWN0dXJlJTIyJTIwYWxsb3dmdWxsc2NyZWVuJTNFJTNDJTJGaWZyYW1lJTNF[\/vc_raw_js][vc_column_text]<strong>2:2 am Dienstag in Unterhaching nach zweimaliger F\u00fchrung \u2013 Tore: Petrovic, Rosenzweig<\/strong><\/p>\n<p>Der TSV Buchbach rockt in der Fu\u00dfball-Regionalliga Bayern weiter munter an der Spitze mit: Im Nachholspiel vom Wochenende, an dem sich die Rot-Wei\u00dfen den L\u00f6wen denkbar knapp im Pokal beugen mussten, erreichte die Mannschaft von Andreas Bichlmaier und Marcel Thallinger ein 2:2 bei der SpVgg Unterhaching und hat somit die 30-Punkte-Marke geknackt.<\/p>\n<p>Bei b\u00f6sem November-Schmuddelwetter Mitte Oktober und Temperaturen, die unter der 10-Grad-Marke blieben, brauchten beide Teams ein paar Minuten, um auf Betriebstemperatur zu kommen \u2013 insbesondere bei den Gastgebern verst\u00e4ndlich, die ja wegen der Corona-Pause einen Monat lang kein Spiel mehr bestreiten durften. Dennoch geh\u00f6rte die erste gute M\u00f6glichkeit im Alpenbauer-Sportpark den Hausherren, als Kapit\u00e4n Josef Welzm\u00fcller Buchbachs Keeper Daniel Maus mit einem Kopfball-Aufsetzer aus wenigen Metern zu einer Glanztat zwang (19.).<\/p>\n<p>Die G\u00e4ste, die auf den erkrankten Thomas Winklbauer verzichten mussten, schlugen dann aber in der 22. Minute eiskalt zu, als Aleks Petrovic nach einem Konter zu seinem f\u00fcnften Saisontreffer einnickte. Unterhaching, ohne den angeschlagenen Stamm-Kapit\u00e4n Markus Schwabl, nat\u00fcrlich nicht sonderlich erfreut, aber zun\u00e4chst auch nicht wirklich mit L\u00f6sungsans\u00e4tzen. Dagegen hatten die Rot-Wei\u00dfen in der Folge durch Daniel Muteba und Alexander Spitzer durchaus M\u00f6glichkeiten auf den zweiten Treffer. Erst in der 41. Minute wieder ein Lebenszeichen vom ehemaligen Drittligisten durch Christoph Ehlich, der aber in Daniel Maus seinen Meister fand, ehe Stephan Hain in der 43. Minute mit dem R\u00fccken zum Tor aus kurzer Distanz den Ausgleich markieren konnte \u2013 neunter Saisontreffer f\u00fcr den ehemaligen Bundesliga-Profi, ganz stark gemacht.<\/p>\n<p><strong>\u201eWieder ein sehr starkes Spiel von unseren Jungs. Wir haben das Pokalspiel gegen die L\u00f6wen gut weggesteckt, stehen stabil und halten den Druck aus\u201c<\/strong>, analysierte Buchbachs Sportlicher Leiter Anton Bobenstetter zur Pause. Nach Wiederbeginn sah der Ex-Coach eine dicke M\u00f6glichkeit f\u00fcr die G\u00e4ste, doch nach toller Hereingabe zielte Tobi Sztaf \u00fcber den Hachinger Kasten.<\/p>\n<p>Die Hausherren schlugen jetzt eine deutlich h\u00e4rtere Gangart an, erst wurde Marcel Spitzer b\u00f6se auf die Buchbacher Auswechselbank gecheckt, dann attackierte Daniel Hausmann Petrovic im Mittelfeld derartig von hinten gegen das Sprunggelenk, dass der Dauerbrenner verletzt vom Platz musste \u2013 auch eine Methode, um sich Feldvorteile zu verschaffen. Vorsichtshalber nahm Wagner den \u00dcbelt\u00e4ter, der mit Gelb davonkam, postwendend vom Platz. Bobenstetter: <strong>\u201eDas Ausscheiden von Petrovic hat uns nat\u00fcrlich richtig weh getan.\u201c<\/strong><\/p>\n<p>In der Schlussphase wurde es dann richtig turbulent: Erst brachte Marco Rosenzweig die G\u00e4ste in der 85. Minute per Abstauber mit 2:1 in Front, doch zwei Minuten sp\u00e4ter schlugen die Hachinger in Person des gerade eingewechselten Dominik Bacher mit dem 2:2 zur\u00fcck. <strong>\u201eWir haben ein Riesenspiel gezeigt, das war wieder toller Unterhaltungswert\u201c<\/strong>, war Bobenstetter begeistert.<\/p>\n<p><strong>SpVgg Unterhaching:<\/strong> Weidinger \u2013 Zentrich, Welzm\u00fcller, Pisot, Bauer \u2013 Hausmann (66. Skarlatidis), Stiefler, Zimmermann (87. Bacher), Ehlich \u2013 Hobsch, Hain. Trainer: Wagner.<\/p>\n<p><strong>TSV Buchbach:<\/strong> D. Maus \u2013 Bahar, Rosenzweig, M. Spitzer, Orth \u2013 A. Spitzer \u2013Petrovic (66. Winterling), Muteba (90. Leberfinger) \u2013 Brucia (84. Sassmann), Sztaf (77. Sehorz), Wieselsberger. Trainer: Bichlmaier\/Thallinger.<\/p>\n<p><strong>Tore:<\/strong> 0:1 Petrovic (22.), 1:1 Hain (43.), 1:2 Rosenzweig (85.), 2:2 Bacher (87.)<\/p>\n<p><strong>Schiedsrichter:<\/strong> Berg (TSV Landshut-Auloh)<\/p>\n<p><strong>Zuschauer:<\/strong> 800<\/p>\n<p><strong>Gelb:<\/strong> Stiefler, Hobsch, Hausmann \u2013 A. Spitzer, M. Spitzer[\/vc_column_text][vc_column_text]<em>Foto &amp; Text: \u00a9 mb.presse, weitere Ver\u00f6ffentlichungen nur mit Zustimmung des Autors<\/em>[\/vc_column_text][\/vc_column][\/vc_row]<\/p>\n<\/div>","protected":false},"excerpt":{"rendered":"<p>[vc_row][vc_column][vc_column_text]Bild: Erst Sch\u00fctze zum 1:0 f\u00fcr Buchbach, dann mit einer Sprunggelenksverletzung ausgeschieden: Kapit\u00e4n Aleksandro Petrovic.[\/vc_column_text][vc_empty_space height=&#8220;16px&#8220;][vc_custom_heading text=&#8220;Buchbach knackt die 30-Punkte-Marke&#8220;][vc_raw_js]JTNDaWZyYW1lJTIwd2lkdGglM0QlMjI1NjAlMjIlMjBoZWlnaHQlM0QlMjIzMTUlMjIlMjBzcmMlM0QlMjJodHRwcyUzQSUyRiUyRnd3dy55b3V0dWJlLmNvbSUyRmVtYmVkJTJGd1FmQTdKM25LdVElMjIlMjB0aXRsZSUzRCUyMllvdVR1YmUlMjB2aWRlbyUyMHBsYXllciUyMiUyMGZyYW1lYm9yZGVyJTNEJTIyMCUyMiUyMGFsbG93JTNEJTIyYWNjZWxlcm9tZXRlciUzQiUyMGF1dG9wbGF5JTNCJTIwY2xpcGJvYXJkLXdyaXRlJTNCJTIwZW5jcnlwdGVkLW1lZGlhJTNCJTIwZ3lyb3Njb3BlJTNCJTIwcGljdHVyZS1pbi1waWN0dXJlJTIyJTIwYWxsb3dmdWxsc2NyZWVuJTNFJTNDJTJGaWZyYW1lJTNF[\/vc_raw_js][vc_column_text]2:2 am Dienstag in Unterhaching nach zweimaliger F\u00fchrung \u2013 Tore: Petrovic,&#8230;<\/p>\n","protected":false},"author":4,"featured_media":5352,"comment_status":"closed","ping_status":"open","sticky":false,"template":"","format":"standard","meta":{"footnotes":""},"categories":[1],"tags":[],"class_list":["post-5348","post","type-post","status-publish","format-standard","has-post-thumbnail","hentry","category-mannschaft-1"],"_links":{"self":[{"href":"https:\/\/www.tsv-buchbach.de\/fussball\/wp-json\/wp\/v2\/posts\/5348","targetHints":{"allow":["GET"]}}],"collection":[{"href":"https:\/\/www.tsv-buchbach.de\/fussball\/wp-json\/wp\/v2\/posts"}],"about":[{"href":"https:\/\/www.tsv-buchbach.de\/fussball\/wp-json\/wp\/v2\/types\/post"}],"author":[{"embeddable":true,"href":"https:\/\/www.tsv-buchbach.de\/fussball\/wp-json\/wp\/v2\/users\/4"}],"replies":[{"embeddable":true,"href":"https:\/\/www.tsv-buchbach.de\/fussball\/wp-json\/wp\/v2\/comments?post=5348"}],"version-history":[{"count":3,"href":"https:\/\/www.tsv-buchbach.de\/fussball\/wp-json\/wp\/v2\/posts\/5348\/revisions"}],"predecessor-version":[{"id":5354,"href":"https:\/\/www.tsv-buchbach.de\/fussball\/wp-json\/wp\/v2\/posts\/5348\/revisions\/5354"}],"wp:featuredmedia":[{"embeddable":true,"href":"https:\/\/www.tsv-buchbach.de\/fussball\/wp-json\/wp\/v2\/media\/5352"}],"wp:attachment":[{"href":"https:\/\/www.tsv-buchbach.de\/fussball\/wp-json\/wp\/v2\/media?parent=5348"}],"wp:term":[{"taxonomy":"category","embeddable":true,"href":"https:\/\/www.tsv-buchbach.de\/fussball\/wp-json\/wp\/v2\/categories?post=5348"},{"taxonomy":"post_tag","embeddable":true,"href":"https:\/\/www.tsv-buchbach.de\/fussball\/wp-json\/wp\/v2\/tags?post=5348"}],"curies":[{"name":"wp","href":"https:\/\/api.w.org\/{rel}","templated":true}]}}