{"id":5987,"date":"2022-04-10T13:10:32","date_gmt":"2022-04-10T11:10:32","guid":{"rendered":"https:\/\/www.tsv-buchbach.de\/fussball\/?p=5987"},"modified":"2022-04-10T13:14:07","modified_gmt":"2022-04-10T11:14:07","slug":"bambinis-trainieren-fleissig","status":"publish","type":"post","link":"https:\/\/www.tsv-buchbach.de\/fussball\/bambinis-trainieren-fleissig\/","title":{"rendered":"Bambinis trainieren flei\u00dfig"},"content":{"rendered":"\n<p>Unter der Leitung der Trainer Flo Deml, Fabi F\u00f6rster und Flo Wieser trainieren mittlerweile bis zu 15 Jungs und M\u00e4dls jeden Montag um 16.30Uhr. Nach der Hallenzeit, in der leider keine Hallenturniere m\u00f6glich waren, freuten sich die Kids, endlich wieder raus an die Sonne zu kommen und dem runden Leder hinterherzujagen. Neben den Grundfertigkeiten erfahren die jungen Kicker soziale Kompetenzen. Auch die kognitiven Fertigkeiten stehen im Vordergrund, indem die Kids spielerisch das Zusammenspiel zwischen rechter und linker Gehirnh\u00e4lfte trainieren. Wer dabei sein m\u00f6chte, meldet sich gerne bei einem der Trainer oder kommt einfach vorbei. Das Training ist montags von 16.30Uhr bis 17.30Uhr.<\/p>\n\n\n\n<ul class=\"wp-block-list\"><li>Flo Deml: \u00a0\u00a0\u00a0\u00a0\u00a0\u00a0 0179-6887562<\/li><li>Fabi F\u00f6rster: \u00a0 0151-42551860<\/li><li>Flo Wieser: \u00a0\u00a0\u00a0 0171-4267366<\/li><\/ul>\n","protected":false},"excerpt":{"rendered":"<p>Unter der Leitung der Trainer Flo Deml, Fabi F\u00f6rster und Flo Wieser trainieren mittlerweile bis zu 15 Jungs und M\u00e4dls jeden Montag um 16.30Uhr. Nach der Hallenzeit, in der leider&#8230;<\/p>\n","protected":false},"author":5,"featured_media":5989,"comment_status":"closed","ping_status":"open","sticky":false,"template":"","format":"standard","meta":{"footnotes":""},"categories":[64],"tags":[],"class_list":["post-5987","post","type-post","status-publish","format-standard","has-post-thumbnail","hentry","category-jugend"],"_links":{"self":[{"href":"https:\/\/www.tsv-buchbach.de\/fussball\/wp-json\/wp\/v2\/posts\/5987","targetHints":{"allow":["GET"]}}],"collection":[{"href":"https:\/\/www.tsv-buchbach.de\/fussball\/wp-json\/wp\/v2\/posts"}],"about":[{"href":"https:\/\/www.tsv-buchbach.de\/fussball\/wp-json\/wp\/v2\/types\/post"}],"author":[{"embeddable":true,"href":"https:\/\/www.tsv-buchbach.de\/fussball\/wp-json\/wp\/v2\/users\/5"}],"replies":[{"embeddable":true,"href":"https:\/\/www.tsv-buchbach.de\/fussball\/wp-json\/wp\/v2\/comments?post=5987"}],"version-history":[{"count":3,"href":"https:\/\/www.tsv-buchbach.de\/fussball\/wp-json\/wp\/v2\/posts\/5987\/revisions"}],"predecessor-version":[{"id":5991,"href":"https:\/\/www.tsv-buchbach.de\/fussball\/wp-json\/wp\/v2\/posts\/5987\/revisions\/5991"}],"wp:featuredmedia":[{"embeddable":true,"href":"https:\/\/www.tsv-buchbach.de\/fussball\/wp-json\/wp\/v2\/media\/5989"}],"wp:attachment":[{"href":"https:\/\/www.tsv-buchbach.de\/fussball\/wp-json\/wp\/v2\/media?parent=5987"}],"wp:term":[{"taxonomy":"category","embeddable":true,"href":"https:\/\/www.tsv-buchbach.de\/fussball\/wp-json\/wp\/v2\/categories?post=5987"},{"taxonomy":"post_tag","embeddable":true,"href":"https:\/\/www.tsv-buchbach.de\/fussball\/wp-json\/wp\/v2\/tags?post=5987"}],"curies":[{"name":"wp","href":"https:\/\/api.w.org\/{rel}","templated":true}]}}