{"id":7780,"date":"2023-05-04T08:54:07","date_gmt":"2023-05-04T06:54:07","guid":{"rendered":"https:\/\/www.tsv-buchbach.de\/fussball\/?p=7780"},"modified":"2023-05-04T08:54:08","modified_gmt":"2023-05-04T06:54:08","slug":"u13-junioren-siegesserie-zum-rueckrundenauftakt","status":"publish","type":"post","link":"https:\/\/www.tsv-buchbach.de\/fussball\/u13-junioren-siegesserie-zum-rueckrundenauftakt\/","title":{"rendered":"U13-Junioren: Siegesserie zum R\u00fcckrundenauftakt"},"content":{"rendered":"\n<p>Die Sch\u00fctzlinge um das Trainergespann Anzenberger\/Perovic gastierten nach dem ungl\u00fccklich verschenktem 2:2 im Heimspiel Mitte M\u00e4rz gegen Ampfing am darauffolgenden Wochenende in M\u00fchldorf. Diese Partie dominierten die Jungs spielerisch. Sie versuchten Minute f\u00fcr Minute erfolgreich vor das Tor zu kommen. Der Bann wurde dann durch Luis in der 14. Minute gebrochen, der nach einer sch\u00f6nen Flanke goldrichtig stand und den Ball zum 1:0 \u00fcber die Linie schob. Kurz vor dem Seitenwechsel musste man jedoch einen Elfmeter zum 1:1-Ausgleich hinnehmen, als man nach einer Ecke unkonzentriert in den Konter gelaufen war. Dieser Schock sa\u00df tief, welcher durch eine motivierende Kabinenansprache der Trainer zu Beginn der zweiten Halbzeit verpuffte. Die Jungs um unsere sehr aktiven Mittelfeldakteure Sebastian und Jonah spielten sich regelrecht in einen Rausch. Viele Spielverlagerungen sowie Fl\u00fcgelaktionen brachten zahlreiche Chancen ein, die durch Luis, Sebastian, Jonah und Jonas zu einem insgesamt 6:1 Endstand f\u00fchrten. <\/p>\n\n\n\n<p>Mit dem Schub aus M\u00fchldorf erwartete man nach der 2-w\u00f6chigen Osterpause die SG Weidenbach\/Aschau. Symptomatisch f\u00fcr die lange Pause, taten sich beide Mannschaften schwer, qualitativ guten Fu\u00dfball zu spielen. Besonders unsere sonst so spielstarken Jungs entwickelten durch unkonzentriertes Passspiel und fehlende Laufbereitschaft im letzten Drittel kaum Ideen f\u00fcr gef\u00e4hrliche Strafraumabschl\u00fcsse. Lediglich Luis verzog die einzig gute Chance aus knapp zehn Metern unbedr\u00e4ngt weit \u00fcber den Kasten. Dieses Muster zog sich weitgehend auch durch die 2.HZ. Lediglich Simon, Marvin und Dominik konnten zusammen mit Philipp das Tor vor Einschl\u00e4gen bewahren. So dauerte es bis zur 50. Minute, bis durch eine taktische Umstellung und Kommandos die Arbeitseinstellung sowie der Siegeswille unserer Spieler angeregt wurde. In diesen letzten zehn Minuten des Spiel warfen Sebastian, Maxi &amp; Co. alles nach vorne. Und so war es wieder einmal der \u00fcberragende Sebastian Frigge, der auf der rechten Halbfeldposition den im 16er freigelaufenen Jonah sah und ihn musterg\u00fcltig anspielte.\u00a0Jonahs Ballannahme samt Drehung wurde in der 59. Minute vollendet durch einen platzierten Schuss ins Tor zum am Ende doch erzwungenen und verdienten 1:0 Endstand.<\/p>\n\n\n\n<p>Mit sieben Punkten aus drei Spielen reiste man ungeschlagen am 23.4. nach Kastl zur JFG \u00d6tting\/Inn. Auf dem sehr kleinen und engen Feld erwartete uns dieses mal eine k\u00f6rperlich sehr unangenehme Mannschaft, die an der Grenze zum Unsportlichen agierte. Die Trainer Anzenberger\/Perovic gingen mit einem neuen taktischen Mittel und einer neuen Formation ins Spiel, um im Gedr\u00e4nge zu Freir\u00e4umen und im Offensivdrittel zu \u00dcberz\u00e4hlsituationen zu kommen. Defensiv stand unsere Formation stabil um den Abwehrchef Maxi Mayer. Neben ihm war auf Ben, Simon und Dominik immer Verlass und unser starke Philipp im Tor zu jeder Zeit anspielbereit. Lediglich in Torn\u00e4he fehlten die einstudierten Laufwege und so konnte man zu keinen zwingenden Aktionen kommen. Einzig nennenswert blieb ein Foulspiel im 16er-Raum an Jonah, der zu einem Elfmeter f\u00fchrte. Der Torwart holte Jonah derart von den Beinen, dass dieser sogar verletzt mit Verdacht auf Zehenbruch und einem weiteren Riss vom Platz musste. Den f\u00e4lligen Elfmeter konnte unser Kapit\u00e4n Maxi Anzenberger leider nicht verwandeln und so ging es mit einem 0:0 in die Pause. Das Trainergespann appellierte an die fehlenden Lauf- und Kreuzbewegungen der St\u00fcrmer sowie Fl\u00fcgelspieler und erhoffte sich prompte Besserung in der zweiten H\u00e4lfte des Spiels. Maxi Meyer und Sebastian waren ma\u00dfgeblich an dem Spielaufbau beteiligt und sorgten mit ihren Dribblings und P\u00e4ssen immer wieder f\u00fcr Gefahr beim Gegner. Im Laufe der Spielzeit probierten unsere Kicker mit zahlreichen Sch\u00fcssen und Flanken von ausserhalb zur F\u00fchrung zu gelangen. Auch konnten weder Luis noch Maxi Anzenberger freistehend vor dem Tor die Erl\u00f6sung bringen. Und so kam wie es, wie eine Woche zuvor schon, wieder zur goldenen letzten Minuten im Spiel, als Maxi Anzenberger einen langen Ball in den Lauf bekam und vom gegnerischen Torwart im 16er erneut zu Fall gebracht wurde. Dieses mal trat Sebastian an und hatte wom\u00f6glich Eis in seinen Venen, als er den Schuss unhaltbar zum vielumjubelten 1:0 einschoss. Der Schiedsrichter pfiff die Partie gar nicht mehr an, und so stand der dritte Sieg im dritten Spiel unseren Jungs zu Buche. Weiter so!<\/p>\n","protected":false},"excerpt":{"rendered":"<p>Die Sch\u00fctzlinge um das Trainergespann Anzenberger\/Perovic gastierten nach dem ungl\u00fccklich verschenktem 2:2 im Heimspiel Mitte M\u00e4rz gegen Ampfing am darauffolgenden Wochenende in M\u00fchldorf. Diese Partie dominierten die Jungs spielerisch. Sie&#8230;<\/p>\n","protected":false},"author":5,"featured_media":5230,"comment_status":"closed","ping_status":"open","sticky":false,"template":"","format":"standard","meta":{"footnotes":""},"categories":[64],"tags":[],"class_list":["post-7780","post","type-post","status-publish","format-standard","has-post-thumbnail","hentry","category-jugend"],"_links":{"self":[{"href":"https:\/\/www.tsv-buchbach.de\/fussball\/wp-json\/wp\/v2\/posts\/7780","targetHints":{"allow":["GET"]}}],"collection":[{"href":"https:\/\/www.tsv-buchbach.de\/fussball\/wp-json\/wp\/v2\/posts"}],"about":[{"href":"https:\/\/www.tsv-buchbach.de\/fussball\/wp-json\/wp\/v2\/types\/post"}],"author":[{"embeddable":true,"href":"https:\/\/www.tsv-buchbach.de\/fussball\/wp-json\/wp\/v2\/users\/5"}],"replies":[{"embeddable":true,"href":"https:\/\/www.tsv-buchbach.de\/fussball\/wp-json\/wp\/v2\/comments?post=7780"}],"version-history":[{"count":1,"href":"https:\/\/www.tsv-buchbach.de\/fussball\/wp-json\/wp\/v2\/posts\/7780\/revisions"}],"predecessor-version":[{"id":7781,"href":"https:\/\/www.tsv-buchbach.de\/fussball\/wp-json\/wp\/v2\/posts\/7780\/revisions\/7781"}],"wp:featuredmedia":[{"embeddable":true,"href":"https:\/\/www.tsv-buchbach.de\/fussball\/wp-json\/wp\/v2\/media\/5230"}],"wp:attachment":[{"href":"https:\/\/www.tsv-buchbach.de\/fussball\/wp-json\/wp\/v2\/media?parent=7780"}],"wp:term":[{"taxonomy":"category","embeddable":true,"href":"https:\/\/www.tsv-buchbach.de\/fussball\/wp-json\/wp\/v2\/categories?post=7780"},{"taxonomy":"post_tag","embeddable":true,"href":"https:\/\/www.tsv-buchbach.de\/fussball\/wp-json\/wp\/v2\/tags?post=7780"}],"curies":[{"name":"wp","href":"https:\/\/api.w.org\/{rel}","templated":true}]}}