{"id":7782,"date":"2023-05-05T13:20:37","date_gmt":"2023-05-05T11:20:37","guid":{"rendered":"https:\/\/www.tsv-buchbach.de\/fussball\/?p=7782"},"modified":"2023-05-05T13:20:37","modified_gmt":"2023-05-05T11:20:37","slug":"wolf-die-ernte-soll-eingefahren-werden","status":"publish","type":"post","link":"https:\/\/www.tsv-buchbach.de\/fussball\/wolf-die-ernte-soll-eingefahren-werden\/","title":{"rendered":"Wolf: \u201eDie Ernte soll eingefahren werden!\u201c"},"content":{"rendered":"<div class=\"wpb-content-wrapper\"><p>[vc_row][vc_column][vc_column_text]<em>Bild: Torh\u00fcter Andreas Steer bekam f\u00fcr seinen Auftritt gegen Eichst\u00e4tt vom Trainer ein Sonderlob und soll auch in Ansbach wieder den Kasten sauber halten. Foto: mb.presse<br \/>\n<\/em>[\/vc_column_text][vc_empty_space height=&#8220;10px&#8220;][vc_custom_heading text=&#8220;Wolf: \u201eDie Ernte soll eingefahren werden!\u201c&#8220;][vc_column_text]Am Samstag steht f\u00fcr den TSV Buchbach erneut ein wichtiges Spiel in der Regionalliga Bayern an. Bei der SpVgg Ansbach wollen Petrovic, Steer &amp; Co. um 14 Uhr die 50-Punkte-Marke knacken und damit einen weiteren gro\u00dfen Schritt in Richtung Klassenerhalt machen.<\/p>\n<p><strong>\u201eEs ist noch lange nicht Zeit zum Durchschnaufen\u201c<\/strong>, sagt Buchbachs Coach Uwe Wolf im Hinblick auf die aktuelle Situation. Freilich hat sich der TSV Buchbach unter seiner Leitung langsam, aber komfortabel aus dem Tabellenkeller hochgearbeitet und nun drei Punkte Vorsprung auf die Relegationsr\u00e4nge. <strong>\u201eWir haben am Samstag das neunte von zw\u00f6lf Endspielen. Achtmal haben es die Jungs \u00fcberragend gemacht und Gro\u00dfes geleistet. Daran gilt es in Ansbach anzukn\u00fcpfen\u201c<\/strong>, stellt Wolf klar.<\/p>\n<p>Dass es beim Aufsteiger aus der Mittelfr\u00e4nkischen Hauptstadt keine Geschenke abzuholen gibt, liegt f\u00fcr Uwe Wolf auf der Hand. <strong>\u201e30 von 44 Punkten hat Ansbach zuhause geholt und dort lediglich 16 Gegentreffer kassiert\u201c<\/strong>, mahnt Wolf und erwartet von seinem Team wieder <strong>\u201edie Buchbacher Tugenden\u201c<\/strong>.<\/p>\n<p>Die Mannschaft von Trainer Christoph Hasselmeier spielt als Aufsteiger eine ordentliche Saison, musste zuletzt aber gegen Unterhaching und Schweinfurt Niederlagen einstecken. Vor allem die Pleite von letztem Wochenende schmerzt noch sehr in Ansbach. Bis zur 81. Minute f\u00fchrte die SpVgg verdient, ehe die Schn\u00fcdel die Partie in vier Minuten drehten und den Gast ohne Punkte heimschickten. So rangieren die Gr\u00fcn-Schwarzen mit 44 Punkten punktgleich mit Vilzing einen Platz \u00fcber den Relegationsr\u00e4ngen.<\/p>\n<p>Uwe Wolf hat seiner Truppe f\u00fcr das Ausw\u00e4rtsspiel einen klaren Plan an die Hand gegeben und m\u00f6chte nach dem Spiel <strong>\u201eim Bus sitzen und die omin\u00f6se 50-Punkte-Marke geknackt haben\u201c<\/strong>. Personell erwartet der Pf\u00e4lzer dazu Daniel Muteba nach abgelaufener Gelbsperre zur\u00fcck im Kader. Christian Brucia muss wegen muskul\u00e4ren Beschwerden passen und auch Haching-Leihgabe Andreas Hirtlreiter befindet sich nach seiner Knieverletzung noch auf Reha.<\/p>\n<p>Im Tor bleibt weiterhin Andreas Steer, weil Daniel Maus mit einer angebrochenen Hand weiter ausf\u00e4llt. <strong>\u201eAndi genie\u00dft von Tag eins weg mein vollstes Vertrauen und hat uns letzte Woche gegen Eichst\u00e4tt sprichw\u00f6rtlich den Arsch gerettet\u201c<\/strong>, lobt Wolf seinen Keeper. <strong>\u201eGenau das sage ich immer zu meinen Spielern. Sobald man die Chance bekommt, gilt es zu performen und das machen sie wirklich sehr gut.\u201c<\/strong>[\/vc_column_text][vc_column_text]<em>Foto &amp; Text: \u00a9 mb.presse, weitere Ver\u00f6ffentlichungen nur mit Zustimmung des Autors<\/em>[\/vc_column_text][\/vc_column][\/vc_row]<\/p>\n<\/div>","protected":false},"excerpt":{"rendered":"<p>[vc_row][vc_column][vc_column_text]Bild: Torh\u00fcter Andreas Steer bekam f\u00fcr seinen Auftritt gegen Eichst\u00e4tt vom Trainer ein Sonderlob und soll auch in Ansbach wieder den Kasten sauber halten. Foto: mb.presse [\/vc_column_text][vc_empty_space height=&#8220;10px&#8220;][vc_custom_heading text=&#8220;Wolf: \u201eDie&#8230;<\/p>\n","protected":false},"author":4,"featured_media":7783,"comment_status":"closed","ping_status":"open","sticky":false,"template":"","format":"standard","meta":{"footnotes":""},"categories":[1],"tags":[],"class_list":["post-7782","post","type-post","status-publish","format-standard","has-post-thumbnail","hentry","category-mannschaft-1"],"_links":{"self":[{"href":"https:\/\/www.tsv-buchbach.de\/fussball\/wp-json\/wp\/v2\/posts\/7782","targetHints":{"allow":["GET"]}}],"collection":[{"href":"https:\/\/www.tsv-buchbach.de\/fussball\/wp-json\/wp\/v2\/posts"}],"about":[{"href":"https:\/\/www.tsv-buchbach.de\/fussball\/wp-json\/wp\/v2\/types\/post"}],"author":[{"embeddable":true,"href":"https:\/\/www.tsv-buchbach.de\/fussball\/wp-json\/wp\/v2\/users\/4"}],"replies":[{"embeddable":true,"href":"https:\/\/www.tsv-buchbach.de\/fussball\/wp-json\/wp\/v2\/comments?post=7782"}],"version-history":[{"count":1,"href":"https:\/\/www.tsv-buchbach.de\/fussball\/wp-json\/wp\/v2\/posts\/7782\/revisions"}],"predecessor-version":[{"id":7784,"href":"https:\/\/www.tsv-buchbach.de\/fussball\/wp-json\/wp\/v2\/posts\/7782\/revisions\/7784"}],"wp:featuredmedia":[{"embeddable":true,"href":"https:\/\/www.tsv-buchbach.de\/fussball\/wp-json\/wp\/v2\/media\/7783"}],"wp:attachment":[{"href":"https:\/\/www.tsv-buchbach.de\/fussball\/wp-json\/wp\/v2\/media?parent=7782"}],"wp:term":[{"taxonomy":"category","embeddable":true,"href":"https:\/\/www.tsv-buchbach.de\/fussball\/wp-json\/wp\/v2\/categories?post=7782"},{"taxonomy":"post_tag","embeddable":true,"href":"https:\/\/www.tsv-buchbach.de\/fussball\/wp-json\/wp\/v2\/tags?post=7782"}],"curies":[{"name":"wp","href":"https:\/\/api.w.org\/{rel}","templated":true}]}}