{"id":7792,"date":"2023-05-09T18:00:20","date_gmt":"2023-05-09T16:00:20","guid":{"rendered":"https:\/\/www.tsv-buchbach.de\/fussball\/?p=7792"},"modified":"2023-05-09T17:41:48","modified_gmt":"2023-05-09T15:41:48","slug":"aussenbahnspieler-thomas-koenig-wechselt-zum-tsv-buchbach","status":"publish","type":"post","link":"https:\/\/www.tsv-buchbach.de\/fussball\/aussenbahnspieler-thomas-koenig-wechselt-zum-tsv-buchbach\/","title":{"rendered":"Au\u00dfenbahnspieler Thomas K\u00f6nig wechselt zum TSV Buchbach"},"content":{"rendered":"<div class=\"wpb-content-wrapper\"><p>[vc_row][vc_column][vc_custom_heading text=&#8220;Au\u00dfenbahnspieler Thomas K\u00f6nig wechselt zum TSV Buchbach&#8220;][vc_column_text]Der TSV Buchbach konnte unter der Woche den vierten Neuzugang verpflichten. Mit Thomas K\u00f6nig kommt ein junger Au\u00dfenst\u00fcrmer nach Oberbayern und hat bei den Rot-Wei\u00dfen einen Vertrag \u00fcber zwei Jahre unterschrieben. Der 22-j\u00e4hrige spielt aktuell noch beim baden-w\u00fcrttembergischen Verbandsligisten TSV Berg.<\/p>\n<p><strong>\u201eMit Thomas konnten wir einen jungen und gut ausgebildeten Fl\u00fcgelst\u00fcrmer f\u00fcr uns gewinnen\u201c<\/strong>, freut sich Buchbachs Sportlicher Leiter Anton Bobenstetter \u00fcber die Neuverpflichtung. K\u00f6nig hatte zuvor drei Tage zur Probe mittrainiert und die Verantwortlichen \u00fcberzeugt. <strong>\u201eEr ist wahnsinnig schnell und besitzt das Potential f\u00fcr die Regionalliga\u201c<\/strong>, bescheinigt Bobenstetter dem Neuzugang.<\/p>\n<p>Der k\u00fcnftige Fl\u00fcgelflitzer des TSV Buchbach stammt urspr\u00fcnglich aus Sachsen und wechselte 2009 zu den Junioren des Chemnitzer FC. Dort blieb er drei Jahre zog dann zum FC Erzgebirge Aue weiter. Mit 16 Jahren ver\u00e4nderte sich sein Lebensmittelpunkt famili\u00e4r an den Bodensee und K\u00f6nig kam \u00fcber den VfB Friedrichshafen zum FV Ravensburg. Aus der dortigen U19 wechselte er zum TSV Berg, bei dem er als einer der j\u00fcngsten Spieler in vier Spielzeiten 66 Eins\u00e4tze verbuchte und stolze 21 Tore erzielte.<\/p>\n<p>Mit dem Wechsel zum TSV Buchbach verbindet K\u00f6nig nun auch seine berufliche Weiterbildung. <strong>\u201eIch habe mich auf eine Masterstelle in Landshut und M\u00fcnchen beworben und k\u00f6nnte diese perfekt mit dem Regionalliga-Fu\u00dfball in Buchbach verbinden\u201c, <\/strong>so Thomas K\u00f6nig, der bereits wei\u00df, dass er sich bei den Rot-Wei\u00dfen erstmal durchbei\u00dfen muss. <strong>\u201eIch wei\u00df, dass ich einiges mitbringe, aber nat\u00fcrlich auch, dass ich aus der Verbandsliga komme und mich erst in die Mannschaft reink\u00e4mpfen muss. Dazu ben\u00f6tigt es Leistung und die kommt, wenn ich mich in jedem Training voll reinhaue.\u201c<\/strong><\/p>\n<p><span style=\"color: #0000ff;\"><a style=\"color: #0000ff;\" href=\"https:\/\/www.fupa.net\/player\/thomas-koenig-809015\" target=\"_blank\" rel=\"noopener noreferrer\"><em>&gt;&gt; Thomas K\u00f6nig auf fupa.net &lt;&lt;<\/em><\/a><\/span>[\/vc_column_text][vc_column_text]<em>Text: \u00a9 thu, weitere Ver\u00f6ffentlichungen nur mit Zustimmung des Autors<\/em>[\/vc_column_text][\/vc_column][\/vc_row]<\/p>\n<\/div>","protected":false},"excerpt":{"rendered":"<p>[vc_row][vc_column][vc_custom_heading text=&#8220;Au\u00dfenbahnspieler Thomas K\u00f6nig wechselt zum TSV Buchbach&#8220;][vc_column_text]Der TSV Buchbach konnte unter der Woche den vierten Neuzugang verpflichten. Mit Thomas K\u00f6nig kommt ein junger Au\u00dfenst\u00fcrmer nach Oberbayern und hat bei&#8230;<\/p>\n","protected":false},"author":4,"featured_media":3333,"comment_status":"closed","ping_status":"open","sticky":false,"template":"","format":"standard","meta":{"footnotes":""},"categories":[1],"tags":[],"class_list":["post-7792","post","type-post","status-publish","format-standard","has-post-thumbnail","hentry","category-mannschaft-1"],"_links":{"self":[{"href":"https:\/\/www.tsv-buchbach.de\/fussball\/wp-json\/wp\/v2\/posts\/7792","targetHints":{"allow":["GET"]}}],"collection":[{"href":"https:\/\/www.tsv-buchbach.de\/fussball\/wp-json\/wp\/v2\/posts"}],"about":[{"href":"https:\/\/www.tsv-buchbach.de\/fussball\/wp-json\/wp\/v2\/types\/post"}],"author":[{"embeddable":true,"href":"https:\/\/www.tsv-buchbach.de\/fussball\/wp-json\/wp\/v2\/users\/4"}],"replies":[{"embeddable":true,"href":"https:\/\/www.tsv-buchbach.de\/fussball\/wp-json\/wp\/v2\/comments?post=7792"}],"version-history":[{"count":1,"href":"https:\/\/www.tsv-buchbach.de\/fussball\/wp-json\/wp\/v2\/posts\/7792\/revisions"}],"predecessor-version":[{"id":7793,"href":"https:\/\/www.tsv-buchbach.de\/fussball\/wp-json\/wp\/v2\/posts\/7792\/revisions\/7793"}],"wp:featuredmedia":[{"embeddable":true,"href":"https:\/\/www.tsv-buchbach.de\/fussball\/wp-json\/wp\/v2\/media\/3333"}],"wp:attachment":[{"href":"https:\/\/www.tsv-buchbach.de\/fussball\/wp-json\/wp\/v2\/media?parent=7792"}],"wp:term":[{"taxonomy":"category","embeddable":true,"href":"https:\/\/www.tsv-buchbach.de\/fussball\/wp-json\/wp\/v2\/categories?post=7792"},{"taxonomy":"post_tag","embeddable":true,"href":"https:\/\/www.tsv-buchbach.de\/fussball\/wp-json\/wp\/v2\/tags?post=7792"}],"curies":[{"name":"wp","href":"https:\/\/api.w.org\/{rel}","templated":true}]}}