{"id":8130,"date":"2023-09-01T12:18:32","date_gmt":"2023-09-01T10:18:32","guid":{"rendered":"https:\/\/www.tsv-buchbach.de\/fussball\/?p=8130"},"modified":"2023-09-01T12:18:32","modified_gmt":"2023-09-01T10:18:32","slug":"u18-vorbereitung-im-vollem-gange","status":"publish","type":"post","link":"https:\/\/www.tsv-buchbach.de\/fussball\/u18-vorbereitung-im-vollem-gange\/","title":{"rendered":"U18 \u2013 Vorbereitung im vollem Gange"},"content":{"rendered":"<div class=\"wpb-content-wrapper\"><p>[vc_row][vc_column][vc_column_text]<em>Bild: Begr\u00fc\u00dfung unserer U18 beim FC M\u00fchldorf, der mit 1:11 geschlagen wurde.<br \/>\n<\/em>[\/vc_column_text][vc_empty_space height=&#8220;10px&#8220;][vc_custom_heading text=&#8220;U18 \u2013 Vorbereitung im vollem Gange&#8220;][vc_column_text]Nach einer sehr erfolgreichen letzten Saison mit einem hervorragenden 2. Platz in der Kreisliga, startete die U18 Mitte Juli unter der Leitung von <em>Trainer Daniel H\u00fcbner<\/em> in die Vorbereitung f\u00fcr die neue Kreisliga-Saison.<\/p>\n<p>Auch in diesem Jahr wird die Saison in 2 H\u00e4lften gespielt. So ist es ein Ziel in der Vorrunde unter den ersten 6 zu landen, um die Qualifikation f\u00fcr die Aufstiegsrunde zur BOL in der R\u00fcckrunde zu erreichen. Ebenfalls wurde die A-Jugend f\u00fcr den BFV-Pokal angemeldet, wo in 5 Runden das Kreisfinale ausgespielt wird. Auch hier m\u00f6chte das Team m\u00f6glichst weit kommen und am liebsten im Pokal \u00fcberwintern.<\/p>\n<p>Die ersten Vorbereitungsspiele sind mittlerweile gespielt, gegen die <strong>BOL Mannschaft aus Traunstein setzte es eine 1:4 Niederlage<\/strong> und gegen den <strong>letztj\u00e4hrigen Meister und somit ebenfalls Neu-Bezirksoberligist Freilassing konnte ein 4:1 Sieg<\/strong> eingefahren werden. Am letzten Wochenende war der dritte Test gegen den <strong>FC M\u00fchldorf und dieser konnte trotz nicht so \u00fcberzeugender Leistung mit 11:1<\/strong> gewonnen werden. Anschlie\u00dfend ging es zum Mannschaftsabend auf das M\u00fchldorfer Volksfest wo D`Moosner der Mannschaft richtig einheizten.<\/p>\n<p>Zum Abschluss der Vorbereitung geht es am <strong>Sonntag zum TSV Dorfen wo um 17:30 Uhr<\/strong> angesto\u00dfen wird. Das erste Punktspiel bestreiten die Burschen am <strong>10.09. um 18 Uhr in der SMR Arena<\/strong>. \u00dcber zahlreiche Besucher w\u00fcrden sich unsere Jungs sehr freuen.[\/vc_column_text][\/vc_column][\/vc_row]<\/p>\n<\/div>","protected":false},"excerpt":{"rendered":"<p>[vc_row][vc_column][vc_column_text]Bild: Begr\u00fc\u00dfung unserer U18 beim FC M\u00fchldorf, der mit 1:11 geschlagen wurde. [\/vc_column_text][vc_empty_space height=&#8220;10px&#8220;][vc_custom_heading text=&#8220;U18 \u2013 Vorbereitung im vollem Gange&#8220;][vc_column_text]Nach einer sehr erfolgreichen letzten Saison mit einem hervorragenden 2. Platz&#8230;<\/p>\n","protected":false},"author":6,"featured_media":8133,"comment_status":"closed","ping_status":"open","sticky":false,"template":"","format":"standard","meta":{"footnotes":""},"categories":[64],"tags":[],"class_list":["post-8130","post","type-post","status-publish","format-standard","has-post-thumbnail","hentry","category-jugend"],"_links":{"self":[{"href":"https:\/\/www.tsv-buchbach.de\/fussball\/wp-json\/wp\/v2\/posts\/8130","targetHints":{"allow":["GET"]}}],"collection":[{"href":"https:\/\/www.tsv-buchbach.de\/fussball\/wp-json\/wp\/v2\/posts"}],"about":[{"href":"https:\/\/www.tsv-buchbach.de\/fussball\/wp-json\/wp\/v2\/types\/post"}],"author":[{"embeddable":true,"href":"https:\/\/www.tsv-buchbach.de\/fussball\/wp-json\/wp\/v2\/users\/6"}],"replies":[{"embeddable":true,"href":"https:\/\/www.tsv-buchbach.de\/fussball\/wp-json\/wp\/v2\/comments?post=8130"}],"version-history":[{"count":2,"href":"https:\/\/www.tsv-buchbach.de\/fussball\/wp-json\/wp\/v2\/posts\/8130\/revisions"}],"predecessor-version":[{"id":8134,"href":"https:\/\/www.tsv-buchbach.de\/fussball\/wp-json\/wp\/v2\/posts\/8130\/revisions\/8134"}],"wp:featuredmedia":[{"embeddable":true,"href":"https:\/\/www.tsv-buchbach.de\/fussball\/wp-json\/wp\/v2\/media\/8133"}],"wp:attachment":[{"href":"https:\/\/www.tsv-buchbach.de\/fussball\/wp-json\/wp\/v2\/media?parent=8130"}],"wp:term":[{"taxonomy":"category","embeddable":true,"href":"https:\/\/www.tsv-buchbach.de\/fussball\/wp-json\/wp\/v2\/categories?post=8130"},{"taxonomy":"post_tag","embeddable":true,"href":"https:\/\/www.tsv-buchbach.de\/fussball\/wp-json\/wp\/v2\/tags?post=8130"}],"curies":[{"name":"wp","href":"https:\/\/api.w.org\/{rel}","templated":true}]}}