{"id":8173,"date":"2023-09-11T23:17:31","date_gmt":"2023-09-11T21:17:31","guid":{"rendered":"https:\/\/www.tsv-buchbach.de\/fussball\/?p=8173"},"modified":"2023-09-11T23:17:31","modified_gmt":"2023-09-11T21:17:31","slug":"u18-30-zum-saisonstart-gegen-toeging","status":"publish","type":"post","link":"https:\/\/www.tsv-buchbach.de\/fussball\/u18-30-zum-saisonstart-gegen-toeging\/","title":{"rendered":"U18 \u2013 3:0 zum Saisonstart gegen T\u00f6ging"},"content":{"rendered":"<div class=\"wpb-content-wrapper\"><p>[vc_row][vc_column][vc_single_image image=&#8220;8175&#8243; img_size=&#8220;large&#8220;][vc_column_text]<em>Bild: Die jubelnde U18 \u00fcberreichte seinen frisch operierten Kapit\u00e4n Jonas Hanslmaier ein besonderes Trikot &#8222;come back stronger&#8220; f\u00fcr eine schnelle Genesung.<br \/>\n<\/em>[\/vc_column_text][vc_empty_space height=&#8220;10px&#8220;][vc_custom_heading text=&#8220;U18 \u2013 3:0 zum Saisonstart gegen T\u00f6ging&#8220;][vc_column_text]<strong>TSV Buchbach : FC T\u00f6ging\u00a0 3:0 (1:0)<\/strong><\/p>\n<p>Nach einer intensiven Vorbereitung, wo der ein oder andere Kilometer abgespult wurde, ging es nun endlich in der heimischen SMR \u2013 Arena f\u00fcr unsere U18 um Punkte.<\/p>\n<p>Zu Gast war der FC T\u00f6ging, der schon einige Male zum Stolperstein f\u00fcr unsere Mannschaft wurde und so waren die M\u00e4nner um Coach Daniel H\u00fcbner gewarnt.<br \/>\n<strong>&#8222;Das Ziel war klar, wir wollten unbedingt das Heft des Handelns in der Hand haben. Schnelle P\u00e4sse und eine hohe Laufbereitschaft sollten ma\u00dfgebend f\u00fcr den Erfolg sein.&#8220;<\/strong><br \/>\nTats\u00e4chlich ging es aber ein wenig holprig los und so hatte die erste sehr gute Chance T\u00f6ging, als eine Ecke Seppe und Adin kl\u00e4ren wollten, hierbei die Absprache fehlte und so der Ball durchging, der T\u00f6ginger St\u00fcrmer jedoch aus 5 Metern am Tor vorbei Scho\u00df. Dies war die gr\u00f6\u00dfte Chance f\u00fcr T\u00f6ging in diesem Spiel, die GOSB-Jungs bekamen das Spiel in der Folge immer besser in Griff und konnten folgerichtig in der 25. Minute durch Dominik Waltl in F\u00fchrung gehen (1:0), als er einen Ball vom T\u00f6ginger Innenverteidiger abfing und nach einem Tempodribbling \u00fcber den halben Platz \u00fcberlegt einschob.<br \/>\nDies war auch der Pausenstand. Auf Seiten der GOSB wurde Sebastian Berger eingewechselt und eins vorne weg, Basti hatte einen Sahnetag erwischt. St\u00e4ndig anspielbar, Zweikampfstark und mit \u00dcbersicht dr\u00fcckte er dem Spiel seinen Stempel auf. So fiel auch in der 54. Minute das 2:0 als Sebastian Heilmeier sich durch zwei Spieler am Strafraum durchsetzte, dabei den \u00dcberblick behielt und auf Berger durchschob, dieser seinen Gegner ins Leere laufen lie\u00df und auf Nick Vogler querlegte, der mit zwei Kontakten vollstreckte. Die zweifache F\u00fchrung lies das Spiel beruhigen und so konnten die in den neuen von der Firma TRIUSO gesponsorten roten Trikots, deren Spiel aufziehen, wobei T\u00f6ging immer h\u00e4ufiger mit Foulspiel auffiel.<\/p>\n<p>In der 73. Minute wurde von Quirin Aigner endg\u00fcltig der Deckel drauf gemacht, als Nick an der Grundlinie der T\u00f6ginger den Ball unbedingt erobern wollte, anschlie\u00dfend eindribbelte und musterg\u00fcltig auf den einlaufenden \u201eQuitsche\u201c zur\u00fccklegte und der nur noch in die Maschen schie\u00dfen musste.<br \/>\nSomit wurde der erste 3er der Saison eingefahren und es sollen noch viele folgen.<\/p>\n<p>Weiter geht es f\u00fcr die A-Jugend wieder am Sonntag 17.09. um 19:30 Uhr bei der JFG Holzland.<br \/>\nDie Mannschaft w\u00fcrde sich wieder \u00fcber zahlreiche Zuschauer freuen.<\/p>\n<p><strong>TSV Buchbach:<\/strong> Zankl, Greimel, Hagl, Kuc (57. Godl), Marketsm\u00fcller, Selmani (81. Egge), Lentfellner, Vogler, Heilmeier (77. Leipfinger), Otter (46. Berger), Waltl (61. Aigner). Trainer: H\u00fcbner<\/p>\n<p><strong>Tore:<\/strong> 1:0 Waltl (25.), 2:0 Vogler (54.), 3:0 Aigner (73.)<\/p>\n<p><strong>Gelb:<\/strong> Vogler \u2013 Heilmeier, Meyer[\/vc_column_text][\/vc_column][vc_column][\/vc_column][vc_column][\/vc_column][\/vc_row][vc_row][vc_column][\/vc_column][\/vc_row]<\/p>\n<\/div>","protected":false},"excerpt":{"rendered":"<p>[vc_row][vc_column][vc_single_image image=&#8220;8175&#8243; img_size=&#8220;large&#8220;][vc_column_text]Bild: Die jubelnde U18 \u00fcberreichte seinen frisch operierten Kapit\u00e4n Jonas Hanslmaier ein besonderes Trikot &#8222;come back stronger&#8220; f\u00fcr eine schnelle Genesung. [\/vc_column_text][vc_empty_space height=&#8220;10px&#8220;][vc_custom_heading text=&#8220;U18 \u2013 3:0 zum Saisonstart&#8230;<\/p>\n","protected":false},"author":6,"featured_media":8178,"comment_status":"closed","ping_status":"open","sticky":false,"template":"","format":"standard","meta":{"footnotes":""},"categories":[64],"tags":[],"class_list":["post-8173","post","type-post","status-publish","format-standard","has-post-thumbnail","hentry","category-jugend"],"_links":{"self":[{"href":"https:\/\/www.tsv-buchbach.de\/fussball\/wp-json\/wp\/v2\/posts\/8173","targetHints":{"allow":["GET"]}}],"collection":[{"href":"https:\/\/www.tsv-buchbach.de\/fussball\/wp-json\/wp\/v2\/posts"}],"about":[{"href":"https:\/\/www.tsv-buchbach.de\/fussball\/wp-json\/wp\/v2\/types\/post"}],"author":[{"embeddable":true,"href":"https:\/\/www.tsv-buchbach.de\/fussball\/wp-json\/wp\/v2\/users\/6"}],"replies":[{"embeddable":true,"href":"https:\/\/www.tsv-buchbach.de\/fussball\/wp-json\/wp\/v2\/comments?post=8173"}],"version-history":[{"count":3,"href":"https:\/\/www.tsv-buchbach.de\/fussball\/wp-json\/wp\/v2\/posts\/8173\/revisions"}],"predecessor-version":[{"id":8179,"href":"https:\/\/www.tsv-buchbach.de\/fussball\/wp-json\/wp\/v2\/posts\/8173\/revisions\/8179"}],"wp:featuredmedia":[{"embeddable":true,"href":"https:\/\/www.tsv-buchbach.de\/fussball\/wp-json\/wp\/v2\/media\/8178"}],"wp:attachment":[{"href":"https:\/\/www.tsv-buchbach.de\/fussball\/wp-json\/wp\/v2\/media?parent=8173"}],"wp:term":[{"taxonomy":"category","embeddable":true,"href":"https:\/\/www.tsv-buchbach.de\/fussball\/wp-json\/wp\/v2\/categories?post=8173"},{"taxonomy":"post_tag","embeddable":true,"href":"https:\/\/www.tsv-buchbach.de\/fussball\/wp-json\/wp\/v2\/tags?post=8173"}],"curies":[{"name":"wp","href":"https:\/\/api.w.org\/{rel}","templated":true}]}}