{"id":8222,"date":"2023-09-25T17:20:01","date_gmt":"2023-09-25T15:20:01","guid":{"rendered":"https:\/\/www.tsv-buchbach.de\/fussball\/?p=8222"},"modified":"2023-09-25T17:20:01","modified_gmt":"2023-09-25T15:20:01","slug":"u18-schlaegt-heiligkreuz-trotz-02-rueckstand","status":"publish","type":"post","link":"https:\/\/www.tsv-buchbach.de\/fussball\/u18-schlaegt-heiligkreuz-trotz-02-rueckstand\/","title":{"rendered":"U18 schl\u00e4gt Heiligkreuz trotz 0:2 R\u00fcckstand"},"content":{"rendered":"<div class=\"wpb-content-wrapper\"><p>[vc_row][vc_column][vc_column_text]<em>Bild: Jonas Greimel im Luftkampf gegen einen Heiligkreuzer Angreifer<br \/>\n<\/em>[\/vc_column_text][vc_empty_space height=&#8220;10px&#8220;][vc_custom_heading text=&#8220;U18 schl\u00e4gt Heiligkreuz trotz 0:2 R\u00fcckstand&#8220;][vc_column_text]<strong>TSV Buchbach : SG Heiligkreuz \/ Trostberg \u00a04:2 \u00a0(0:2)<\/strong><\/p>\n<p>Im Zuge des Heimspieltags der Jugend spielte unsere A-Jugend am letzten Samstag gegen die SG Heiligkreuz\/Trostberg, welche am ersten Spieltag 0:9 gegen Kirchansch\u00f6ring baden gingen.<br \/>\nVielleicht war es dieses klare Ergebnis, was unsere Spieler, trotz eindringlicher Warnung von Coach H\u00fcbner in der ersten Halbzeit zu einer unfassbaren schlechten Leistung verleiten lies. <strong>\u201eWenn man schon nicht gut spielt, sollten wenigstens die Laufwege sowie die Zweik\u00e4mpfe angenommen werden\u201c<\/strong>, so H\u00fcbner.<\/p>\n<p>Folgerichtig f\u00fchrten die G\u00e4ste zur Halbzeit mit 2:0 (7. und 40. Minute). Nachdem im Anschluss die B1 auch spielte sowie einige Spieler verletzt fehlten, sollte auf die vor allem mit B-Jugendspielern besetzte Ersatzbank in diesem Spiel nicht herhalten.<br \/>\nZudem h\u00e4tte man an diesem Tag fast jeden Spieler austauschen m\u00fcssen. Daher appellierte Coach H\u00fcbner und der verletzte Spielf\u00fchrer Jonas Hanslmaier in der Halbzeit an die Ehre der Spieler und dass man nun nicht die B-Jugendspieler \u201eopfern\u201c wolle, sondern die Spieler der 1. Hz. den Karren selbst aus den Dreck ziehen sollten.<br \/>\nDas w\u00e4re kurz nach der Halbzeitpause beinahe schief gelaufen, als aus stark abseitsverd\u00e4chtiger Position der gegnerische St\u00fcrmer das 3:0 auf dem Fu\u00df hatte. Doch nach und nach kamen unsere Spieler in die Partie und die aufopferungsvoll k\u00e4mpfenden Gegner schwanden die Kr\u00e4fte, folgerichtig in der 70 Minute nach sch\u00f6ner Hereingabe von der Mittellinie schon Emil Otter das 1:2 (70.) ein. Nur 5 Minuten sp\u00e4ter glich Dominik Waltl, dem in der 1. Halbzeit ein klarer Elfer verwehrt wurde, per Bogenlampe aus 2:2.<br \/>\nNur 2 Minuten sp\u00e4ter war wieder Emil Otter zur Stelle, als der G\u00e4stekeeper einen Pass zum Mitspieler direkt in Emils Lauf spielte und dieser locker zur F\u00fchrung einschob (77.). Das Spiel war gedreht und in der 80. Minute noch ein kleiner Leckerbissen, als Dominik Waltl mit einen sch\u00f6nen direkten Schuss aus der Drehung zum viel umjubelten 4:2 einnetzte.<br \/>\nLetztendlich konnte man res\u00fcmieren, dass die Moral und der Teamgeist in der Mannschaft stimmt, denn wenn man am Boden liegt und so wieder aufsteht, ist noch viel m\u00f6glich, sofern die Grundeinstellung stimmt.<\/p>\n<p>Weiter geht\u2019s f\u00fcr die A-Jugend unter der Woche im Pokal und am 3.Oktober um 14 Uhr bei der SG Altenmarkt \/ Stein.<\/p>\n<p><strong>TSV Buchbach:<\/strong> Zankl Lukas, Greimel Jonas, Hagl Simon, Godl Jonas, Marktesm\u00fcller Josef, Lentfellner Felix, Kuc Adin, Vogler Dominik, Heilmeier Sebastian, Waltl Dominik, Otter Emil\u00a0 \u00a0Trainer: H\u00fcbner Daniel<\/p>\n<p><strong>Tore:<\/strong> 0:1 (7.), 0:2 (40.), 1:2 (70.) Otter, 2:2 (75.) Waltl, 3:2 (77.) Otter, 4:2 (80.) Waltl<\/p>\n<p><strong>Schiedsrichter:<\/strong> Oliver Kis<\/p>\n<p><strong>Zuschauer:<\/strong> 60<\/p>\n<p>[\/vc_column_text][\/vc_column][\/vc_row][vc_row][vc_column][vc_images_carousel][\/vc_column][\/vc_row]<\/p>\n<\/div>","protected":false},"excerpt":{"rendered":"<p>[vc_row][vc_column][vc_column_text]Bild: Jonas Greimel im Luftkampf gegen einen Heiligkreuzer Angreifer [\/vc_column_text][vc_empty_space height=&#8220;10px&#8220;][vc_custom_heading text=&#8220;U18 schl\u00e4gt Heiligkreuz trotz 0:2 R\u00fcckstand&#8220;][vc_column_text]TSV Buchbach : SG Heiligkreuz \/ Trostberg \u00a04:2 \u00a0(0:2) Im Zuge des Heimspieltags der&#8230;<\/p>\n","protected":false},"author":6,"featured_media":8223,"comment_status":"closed","ping_status":"open","sticky":false,"template":"","format":"standard","meta":{"footnotes":""},"categories":[64],"tags":[],"class_list":["post-8222","post","type-post","status-publish","format-standard","has-post-thumbnail","hentry","category-jugend"],"_links":{"self":[{"href":"https:\/\/www.tsv-buchbach.de\/fussball\/wp-json\/wp\/v2\/posts\/8222","targetHints":{"allow":["GET"]}}],"collection":[{"href":"https:\/\/www.tsv-buchbach.de\/fussball\/wp-json\/wp\/v2\/posts"}],"about":[{"href":"https:\/\/www.tsv-buchbach.de\/fussball\/wp-json\/wp\/v2\/types\/post"}],"author":[{"embeddable":true,"href":"https:\/\/www.tsv-buchbach.de\/fussball\/wp-json\/wp\/v2\/users\/6"}],"replies":[{"embeddable":true,"href":"https:\/\/www.tsv-buchbach.de\/fussball\/wp-json\/wp\/v2\/comments?post=8222"}],"version-history":[{"count":3,"href":"https:\/\/www.tsv-buchbach.de\/fussball\/wp-json\/wp\/v2\/posts\/8222\/revisions"}],"predecessor-version":[{"id":8227,"href":"https:\/\/www.tsv-buchbach.de\/fussball\/wp-json\/wp\/v2\/posts\/8222\/revisions\/8227"}],"wp:featuredmedia":[{"embeddable":true,"href":"https:\/\/www.tsv-buchbach.de\/fussball\/wp-json\/wp\/v2\/media\/8223"}],"wp:attachment":[{"href":"https:\/\/www.tsv-buchbach.de\/fussball\/wp-json\/wp\/v2\/media?parent=8222"}],"wp:term":[{"taxonomy":"category","embeddable":true,"href":"https:\/\/www.tsv-buchbach.de\/fussball\/wp-json\/wp\/v2\/categories?post=8222"},{"taxonomy":"post_tag","embeddable":true,"href":"https:\/\/www.tsv-buchbach.de\/fussball\/wp-json\/wp\/v2\/tags?post=8222"}],"curies":[{"name":"wp","href":"https:\/\/api.w.org\/{rel}","templated":true}]}}