{"id":9269,"date":"2024-06-24T22:03:22","date_gmt":"2024-06-24T20:03:22","guid":{"rendered":"https:\/\/www.tsv-buchbach.de\/fussball\/?p=9269"},"modified":"2024-06-24T22:03:22","modified_gmt":"2024-06-24T20:03:22","slug":"erneut-kantersieg-fuer-die-c-jugend","status":"publish","type":"post","link":"https:\/\/www.tsv-buchbach.de\/fussball\/erneut-kantersieg-fuer-die-c-jugend\/","title":{"rendered":"Erneut Kantersieg f\u00fcr die C-Jugend"},"content":{"rendered":"<div class=\"wpb-content-wrapper\"><p>[vc_row][vc_column][vc_column_text]<em>Bild: Jubel ohne Ende. Die C-Jugend feiert ein 10:0.<br \/>\n<\/em>[\/vc_column_text][vc_empty_space height=&#8220;10px&#8220;][vc_custom_heading text=&#8220;Erneut Kantersieg f\u00fcr die C-Jugend&#8220;][vc_column_text]<\/p>\n<p style=\"font-weight: 400;\"><strong>TSV Buchbach \u2013 DFI Bad Aibling III 10:0 (5:0)<\/strong><\/p>\n<p style=\"font-weight: 400;\">Nachdem die C-Jugend bereits am letzten Spieltag mit 5:0 gegen Rosenheim triumphierte, legten die jungen Rot-Wei\u00dfen gegen Bad Aibling nochmal nach und fertigten die G\u00e4ste gar zweistellig ab. Der Torreigen wurde schon nach vier Zeigerumdrehungen durch Max Kistler er\u00f6ffnet. Lediglich 60 Sekunden sp\u00e4ter erh\u00f6hte Alin Selmani auf 2:0. Buchbach bestritt die Partie mit breiter Brust. Der Offensivdrang hielt auch bis zur Halbzeitpause weiterhin an und wurde durch weitere Treffer durch zweimal Kistler und Tim Schwarzenb\u00f6ck mit dem deutlichen 5:0 Pausenstand belohnt.<\/p>\n<p style=\"font-weight: 400;\">Nach dem Seitenwechsel unver\u00e4ndertes Bild. Das Heimteam kn\u00fcpfte sofort an die Leistung der ersten H\u00e4lfte an und begann hellwach. Mit einem Blitzstart in der 36. Spielminute durch Offensivspieler Alin Selmani setzte der TSV den Torreigen fort. Sehenswert das Freisto\u00dftor durch \u00a0Defensiv-Allrounder Sebastian Hampel \u00fcber die Mauer in den gegnerischen Kasten. Buchbach zu jeder Zeit haushoch \u00fcberlegen. F\u00fcr die weiteren Treffer zum 10:0-Endstand sorgten erneut zweimal Selmani und Ahmad Gulestani.<\/p>\n<p style=\"font-weight: 400;\">Den Rot-Wei\u00dfen ist der zweite Tabellenplatz nicht mehr zu nehmen. Um den Sprung an die Spitze zu schaffen, ist jedoch bei einem eigenen Erfolg im letzten Spiel gegen Wasserburg Sch\u00fctzenhilfe erforderlich.<\/p>\n<p>[\/vc_column_text][vc_column_text]<em>Foto &amp; Text: TSV Buchbach<\/em>[\/vc_column_text][vc_column_text]<span style=\"color: #0000ff;\"><a style=\"color: #0000ff;\" href=\"https:\/\/www.tsv-buchbach.de\/fussball\/onlinetickets\/\" target=\"_blank\" rel=\"noopener noreferrer\"><strong>&gt;&gt;Tickets jetzt im Onlineshop sichern<\/strong><\/a><\/span>[\/vc_column_text][\/vc_column][\/vc_row]<\/p>\n<\/div>","protected":false},"excerpt":{"rendered":"<p>[vc_row][vc_column][vc_column_text]Bild: Jubel ohne Ende. Die C-Jugend feiert ein 10:0. [\/vc_column_text][vc_empty_space height=&#8220;10px&#8220;][vc_custom_heading text=&#8220;Erneut Kantersieg f\u00fcr die C-Jugend&#8220;][vc_column_text] TSV Buchbach \u2013 DFI Bad Aibling III 10:0 (5:0) Nachdem die C-Jugend bereits am&#8230;<\/p>\n","protected":false},"author":11,"featured_media":9270,"comment_status":"closed","ping_status":"open","sticky":false,"template":"","format":"standard","meta":{"footnotes":""},"categories":[64],"tags":[],"class_list":["post-9269","post","type-post","status-publish","format-standard","has-post-thumbnail","hentry","category-jugend"],"_links":{"self":[{"href":"https:\/\/www.tsv-buchbach.de\/fussball\/wp-json\/wp\/v2\/posts\/9269","targetHints":{"allow":["GET"]}}],"collection":[{"href":"https:\/\/www.tsv-buchbach.de\/fussball\/wp-json\/wp\/v2\/posts"}],"about":[{"href":"https:\/\/www.tsv-buchbach.de\/fussball\/wp-json\/wp\/v2\/types\/post"}],"author":[{"embeddable":true,"href":"https:\/\/www.tsv-buchbach.de\/fussball\/wp-json\/wp\/v2\/users\/11"}],"replies":[{"embeddable":true,"href":"https:\/\/www.tsv-buchbach.de\/fussball\/wp-json\/wp\/v2\/comments?post=9269"}],"version-history":[{"count":2,"href":"https:\/\/www.tsv-buchbach.de\/fussball\/wp-json\/wp\/v2\/posts\/9269\/revisions"}],"predecessor-version":[{"id":9272,"href":"https:\/\/www.tsv-buchbach.de\/fussball\/wp-json\/wp\/v2\/posts\/9269\/revisions\/9272"}],"wp:featuredmedia":[{"embeddable":true,"href":"https:\/\/www.tsv-buchbach.de\/fussball\/wp-json\/wp\/v2\/media\/9270"}],"wp:attachment":[{"href":"https:\/\/www.tsv-buchbach.de\/fussball\/wp-json\/wp\/v2\/media?parent=9269"}],"wp:term":[{"taxonomy":"category","embeddable":true,"href":"https:\/\/www.tsv-buchbach.de\/fussball\/wp-json\/wp\/v2\/categories?post=9269"},{"taxonomy":"post_tag","embeddable":true,"href":"https:\/\/www.tsv-buchbach.de\/fussball\/wp-json\/wp\/v2\/tags?post=9269"}],"curies":[{"name":"wp","href":"https:\/\/api.w.org\/{rel}","templated":true}]}}