{"id":441,"date":"2021-01-02T13:46:16","date_gmt":"2021-01-02T12:46:16","guid":{"rendered":"https:\/\/www.tsv-buchbach.de\/stockschuetzen\/?p=441"},"modified":"2021-01-02T13:46:17","modified_gmt":"2021-01-02T12:46:17","slug":"stockschuetzen-ehren-josef-brand","status":"publish","type":"post","link":"https:\/\/www.tsv-buchbach.de\/stockschuetzen\/stockschuetzen-ehren-josef-brand\/","title":{"rendered":"Stocksch\u00fctzen ehren Josef Brand"},"content":{"rendered":"\n<p>Seit \n30 Jahren ist die Buchbacher Stocksch\u00fctzenhistorie von einem Namen \ngepr\u00e4gt: Josef \u201eJoe\u201c Brand. Nach vier Jahren als stellvertretender \nAbteilungsleiter \u00fcbernahm er dann vor 26 Jahren die Verantwortung f\u00fcr \ndie Stocksch\u00fctzen des TSV Buchbach.<\/p>\n\n\n\n<p>Und \nwas sich in diesen Jahren unter seiner \u00c4gide entwickelt hat, ist aller \nEhren wert. Sportlich haben sich die Rot-Wei\u00dfen enorm entwickelt und \nschie\u00dfen im Stocksport ganz oben mit. Joe Brand ist auch hier mit einer \nder Garanten f\u00fcr diesen Erfolg.<\/p>\n\n\n\n<p>\u201eDie Buchbacher Stocksch\u00fctzen haben \nunter seiner F\u00fchrung einen gewaltigen Schritt nach vorne gemacht und den\n Namen Buchbach weit \u00fcber die Landkreisgrenzen hinaus in den obersten \nLigen w\u00fcrdig vertreten. Vielen Dank daf\u00fcr\u201c, sagte TSV-Vorstand Anton \nMaier. Er betonte bei der Ehrung aber auch, dass die Buchbacher \nStocksch\u00fctzen unter der \u00c4gide Brand auch im Bezug auf die Sportst\u00e4tten \neine enorme Entwicklung erfahren haben. So wurde unter dem scheidenden \nAbteilungsleiter die Stocksch\u00fctzenhalle mit Bahnen neu gebaut und die \nFreiluftbahnen wurden erneuert.<\/p>\n\n\n\n<p>\u201eBrands Ideen, ob interne \nBahnmeisterschaft, Orts-, Betriebs- oder Vereinsmeisterschaft, \nZielschie\u00dfen oder das ein oder andere Fest in der Stockhalle, er wurde \nnicht m\u00fcde, sich f\u00fcr seine Herzensangelegenheit einzubringen. Und auch \nsein Traum von der 1. Bundesliga ging in Erf\u00fcllung, in der unser TSV \nnunmehr schon zw\u00f6lf Jahre die Vereinsfarben hochh\u00e4lt\u201c, betonte Maier und\n sagte weiter: \u201eJoe, ich m\u00f6chte dir pers\u00f6nlich und im Namen des TSV \nBuchbach f\u00fcr deinen Einsatz danken, und dir die silberne Ehrennadel \n\u00fcberreichen\u201c.<\/p>\n","protected":false},"excerpt":{"rendered":"<p>Seit 30 Jahren ist die Buchbacher Stocksch\u00fctzenhistorie von einem Namen gepr\u00e4gt: Josef \u201eJoe\u201c Brand. Nach vier Jahren als stellvertretender Abteilungsleiter \u00fcbernahm er dann vor 26 Jahren die Verantwortung f\u00fcr die Stocksch\u00fctzen des TSV Buchbach. Und was sich in diesen Jahren unter seiner \u00c4gide entwickelt hat, ist aller Ehren wert. Sportlich haben sich die Rot-Wei\u00dfen enorm&#8230;<\/p>\n","protected":false},"author":2,"featured_media":443,"comment_status":"closed","ping_status":"closed","sticky":false,"template":"","format":"standard","meta":{"footnotes":""},"categories":[1],"tags":[],"class_list":["post-441","post","type-post","status-publish","format-standard","has-post-thumbnail","hentry","category-berichte"],"_links":{"self":[{"href":"https:\/\/www.tsv-buchbach.de\/stockschuetzen\/wp-json\/wp\/v2\/posts\/441","targetHints":{"allow":["GET"]}}],"collection":[{"href":"https:\/\/www.tsv-buchbach.de\/stockschuetzen\/wp-json\/wp\/v2\/posts"}],"about":[{"href":"https:\/\/www.tsv-buchbach.de\/stockschuetzen\/wp-json\/wp\/v2\/types\/post"}],"author":[{"embeddable":true,"href":"https:\/\/www.tsv-buchbach.de\/stockschuetzen\/wp-json\/wp\/v2\/users\/2"}],"replies":[{"embeddable":true,"href":"https:\/\/www.tsv-buchbach.de\/stockschuetzen\/wp-json\/wp\/v2\/comments?post=441"}],"version-history":[{"count":1,"href":"https:\/\/www.tsv-buchbach.de\/stockschuetzen\/wp-json\/wp\/v2\/posts\/441\/revisions"}],"predecessor-version":[{"id":444,"href":"https:\/\/www.tsv-buchbach.de\/stockschuetzen\/wp-json\/wp\/v2\/posts\/441\/revisions\/444"}],"wp:featuredmedia":[{"embeddable":true,"href":"https:\/\/www.tsv-buchbach.de\/stockschuetzen\/wp-json\/wp\/v2\/media\/443"}],"wp:attachment":[{"href":"https:\/\/www.tsv-buchbach.de\/stockschuetzen\/wp-json\/wp\/v2\/media?parent=441"}],"wp:term":[{"taxonomy":"category","embeddable":true,"href":"https:\/\/www.tsv-buchbach.de\/stockschuetzen\/wp-json\/wp\/v2\/categories?post=441"},{"taxonomy":"post_tag","embeddable":true,"href":"https:\/\/www.tsv-buchbach.de\/stockschuetzen\/wp-json\/wp\/v2\/tags?post=441"}],"curies":[{"name":"wp","href":"https:\/\/api.w.org\/{rel}","templated":true}]}}