{"id":667,"date":"2024-12-11T11:46:24","date_gmt":"2024-12-11T10:46:24","guid":{"rendered":"https:\/\/www.tsv-buchbach.de\/stockschuetzen\/?p=667"},"modified":"2025-02-09T21:20:31","modified_gmt":"2025-02-09T20:20:31","slug":"bayerische-und-deutsche-meisterschaft-im-weitenwettbewerb-der-stockschuetzen","status":"publish","type":"post","link":"https:\/\/www.tsv-buchbach.de\/stockschuetzen\/bayerische-und-deutsche-meisterschaft-im-weitenwettbewerb-der-stockschuetzen\/","title":{"rendered":"<strong>Bayerische und Deutsche Meisterschaft im Weitenwettbewerb der Stocksch\u00fctzen<\/strong>"},"content":{"rendered":"\n<p>Die Abteilung der Stocksch\u00fctzen des TSV Buchbach hat sich erfolgreich f\u00fcr das Ausrichten der Bayerischen und Deutschen Meisterschaft im Weitenwettbewerb beworben und ist nun Gastgeber der kommenden Wettk\u00e4mpfe.<\/p>\n\n\n\n<p>Diese finden vom 2.Januar bis zum 5.Januar 2025 statt und die Gastgeber freuen sich auf die Wettk\u00e4mpfer und vor allem auch auf viele Zuschauer. \u201eDas ist wieder etwas besonderes f\u00fcr uns und das wird ein spannendes Wochenende\u201c, erkl\u00e4rt Abteilungsleiter Thomas Hartmann.<\/p>\n\n\n\n<p>Der erste Teil, also die Bayerische Meisterschaft, beginnt bereits am Donnerstag, den 2.Januar um 9:30 Uhr. Die 15 L\u00e4ndermeisterschaften in den anderen Bundesl\u00e4ndern wurden bereits abgehalten und die Qualifikanten f\u00fcr die Deutsche Meisterschaft stehen bereits fest. \u201eBei uns Bayern erfolgen diese Qualifikationen f\u00fcr die Deutsche Meisterschaft dann am Donnerstag und Freitag. Und dabei hoffentlich auch mit vielen Zuschauern\u201c, erg\u00e4nzt der ebenfalls als Abteilungsleiter t\u00e4tige Robert Thurner und unterstreicht stolz, dass der TSV \u201eeine ideale Anlage mit der Halle und dem Au\u00dfenbereich\u201c hat.<\/p>\n\n\n\n<p>Und hier zeigt sich, dass dies durchaus ein Gl\u00fccksfall ist. Geht es bei dem bekannten Stockschie\u00dfen um Geschicklichkeit und Pr\u00e4zision, erfordert der Weitenwettkampf dagegen Kraft und Power. Es gilt, den Stock m\u00f6glichst weit zu treiben und hier sind dann 98 Meter das Ziel.<\/p>\n\n\n\n<p>\u201eDer Startpunkt ist ganz hinten am Ende der Halle und das Ende der Bahn ist ganz drau\u00dfen am entgegengesetzten Ende unseres Platzes. F\u00fcr unsere Zuschauer bauen wir in der Halle B\u00e4nke und Tische auf, so dass sie diesen Spitzensport &#8211; das ist er n\u00e4mlich &#8211; direkt aus der N\u00e4he sehen k\u00f6nnen. Wir haben in der Halle auch Anzeigetafeln, die die Entfernung des Stocks am Ziel sowie die Geschwindigkeit des Stockes mittels Lasermessung anzeigen\u201c, erkl\u00e4rt Hartmann. Und die 2,5 bis knapp 3 Kilogramm schweren St\u00f6cke so weit zu bewegen, erfordert viel Training.<\/p>\n\n\n\n<p>Mit diesem Training hat Luis Hartmann vor einiger Zeit begonnen. \u201eIch bin der erste Weitsch\u00fctze beim TSV\u201c, kl\u00e4rt Luis auf und hofft, dass ihm viele seiner Freunde nacheifern werden. Der Plan ist, dass Luis sich bei der Bayerischen Meisterschaft f\u00fcr die Teilnahme an der Deutschen Meisterschaft qualifiziert, und daf\u00fcr hat er die besten Trainer. Der ehemalige Deutsche Meister Christian Englbrecht und der nicht weniger bekannte Tom Engelmeier trainieren den jungen Sportler. \u201eDerzeit bin ich fast jeden Tag beim Training und konzentriere mich auf Technik, Ablauf und Speed\u201c, erkl\u00e4rt Luis.<\/p>\n\n\n\n<p>Der Sieger der Deutschen Meisterschaft kann sich dann \u00fcber den \u201eBayerischen L\u00f6wen des Innenministers\u201c freuen, der von Markus S\u00f6der pers\u00f6nlich signiert wurde. \u201eDas w\u00e4re schon cool, den zu bekommen, aber die Qualifikation f\u00fcr die Deutsche Meisterschaft w\u00e4re schon Lohn genug\u201c, f\u00fcgt Luis hinzu.<\/p>\n\n\n\n<p>\u201eBayern ist das Mekka des Eisstockmekka schlechthin\u201c, erkl\u00e4ren beide Abteilungsleiter einstimmig und laden noch einmal alle herzlich zum Zuschauen und Mitfiebern bei den beiden Meisterschaften Anfang Januar ein.<\/p>\n\n\n\n<p>Text und Fotos: Thomas Esser<\/p>\n","protected":false},"excerpt":{"rendered":"<p>Die Abteilung der Stocksch\u00fctzen des TSV Buchbach hat sich erfolgreich f\u00fcr das Ausrichten der Bayerischen und Deutschen Meisterschaft im Weitenwettbewerb beworben und ist nun Gastgeber der kommenden Wettk\u00e4mpfe. Diese finden vom 2.Januar bis zum 5.Januar 2025 statt und die Gastgeber freuen sich auf die Wettk\u00e4mpfer und vor allem auch auf viele Zuschauer. \u201eDas ist wieder&#8230;<\/p>\n","protected":false},"author":9,"featured_media":668,"comment_status":"closed","ping_status":"closed","sticky":false,"template":"","format":"standard","meta":{"footnotes":""},"categories":[1],"tags":[],"class_list":["post-667","post","type-post","status-publish","format-standard","has-post-thumbnail","hentry","category-berichte"],"_links":{"self":[{"href":"https:\/\/www.tsv-buchbach.de\/stockschuetzen\/wp-json\/wp\/v2\/posts\/667","targetHints":{"allow":["GET"]}}],"collection":[{"href":"https:\/\/www.tsv-buchbach.de\/stockschuetzen\/wp-json\/wp\/v2\/posts"}],"about":[{"href":"https:\/\/www.tsv-buchbach.de\/stockschuetzen\/wp-json\/wp\/v2\/types\/post"}],"author":[{"embeddable":true,"href":"https:\/\/www.tsv-buchbach.de\/stockschuetzen\/wp-json\/wp\/v2\/users\/9"}],"replies":[{"embeddable":true,"href":"https:\/\/www.tsv-buchbach.de\/stockschuetzen\/wp-json\/wp\/v2\/comments?post=667"}],"version-history":[{"count":2,"href":"https:\/\/www.tsv-buchbach.de\/stockschuetzen\/wp-json\/wp\/v2\/posts\/667\/revisions"}],"predecessor-version":[{"id":700,"href":"https:\/\/www.tsv-buchbach.de\/stockschuetzen\/wp-json\/wp\/v2\/posts\/667\/revisions\/700"}],"wp:featuredmedia":[{"embeddable":true,"href":"https:\/\/www.tsv-buchbach.de\/stockschuetzen\/wp-json\/wp\/v2\/media\/668"}],"wp:attachment":[{"href":"https:\/\/www.tsv-buchbach.de\/stockschuetzen\/wp-json\/wp\/v2\/media?parent=667"}],"wp:term":[{"taxonomy":"category","embeddable":true,"href":"https:\/\/www.tsv-buchbach.de\/stockschuetzen\/wp-json\/wp\/v2\/categories?post=667"},{"taxonomy":"post_tag","embeddable":true,"href":"https:\/\/www.tsv-buchbach.de\/stockschuetzen\/wp-json\/wp\/v2\/tags?post=667"}],"curies":[{"name":"wp","href":"https:\/\/api.w.org\/{rel}","templated":true}]}}