{"id":680,"date":"2025-02-09T19:08:59","date_gmt":"2025-02-09T18:08:59","guid":{"rendered":"https:\/\/www.tsv-buchbach.de\/stockschuetzen\/?p=680"},"modified":"2025-02-09T19:09:00","modified_gmt":"2025-02-09T18:09:00","slug":"es-gab-besondere-momente-bei-der-bayerischen-und-deutschen-meisterschaften-%f0%9f%8c%9f","status":"publish","type":"post","link":"https:\/\/www.tsv-buchbach.de\/stockschuetzen\/es-gab-besondere-momente-bei-der-bayerischen-und-deutschen-meisterschaften-%f0%9f%8c%9f\/","title":{"rendered":"Es gab besondere Momente bei der bayerischen und deutschen Meisterschaften. \ud83c\udf1f"},"content":{"rendered":"\n<p>Erstmal zu dem Sportlichen Moment&#8230;. durch den 5. Platz bei der Deutschen Meisterschaft darf Luis Hartmann vom TSV Buchbach zum Quali Lehrgang des DESV.\ud83e\udd29\ud83d\udcaa\ud83c\udffd\ud83c\udde9\ud83c\uddea<\/p>\n\n\n\n<p>Bei unserem Festabend am Samstag in der Urweisseh\u00fctte des TSV, durfte unser B\u00fcrgermeister und Schirmherr Thomas Einwang den Bayerischen L\u00f6wen des Innenministerium Bayern an den Sieger der Herren A \u00fcberreichen.\ud83e\udd81\ud83d\udfe6\u2b1c\ufe0f\ud83d\udfe6\u2b1c\ufe0f\ud83e\udd81<\/p>\n\n\n\n<p>Ein sehr besonderes Ereignis, dass mich Robert Thurner als Abteilungsleiter besonderes Stolz macht, fand am letzten Wettbewerbstag der Deutschen Meisterschaft statt.\ud83d\ude0a Beim gr\u00f6\u00dften Sauwetter \ud83c\udf27\u2744\ufe0fstellten sich meine Leute der Abteilung, die Schiedsrichter, Mitglieder der Fachsparte Weitschie\u00dfen und einige Leute von den Zuschauern auf die Bahn und kehrten und r\u00e4umten Schnee und Wasser von der Bahn um die Wettbewerbe durchf\u00fchren zu k\u00f6nnen.<br>HIERF\u00dcR M\u00d6CHTE ICH MICH BEI ALLEN BEDANKEN DIE BEI DIESER AKTION DABEI WAREN\ud83e\udd1d\ud83d\ude0d diese Aktion geht in die Geschichte des Weitschie\u00dfen ein\ud83d\udcaa\ud83c\udffd\ud83d\ude1c<\/p>\n\n\n\n<div class=\"wp-block-columns is-layout-flex wp-container-core-columns-is-layout-9d6595d7 wp-block-columns-is-layout-flex\">\n<div class=\"wp-block-column is-layout-flow wp-block-column-is-layout-flow\">\n<figure class=\"wp-block-image size-full\"><img loading=\"lazy\" decoding=\"async\" width=\"843\" height=\"930\" src=\"https:\/\/www.tsv-buchbach.de\/stockschuetzen\/wp-content\/uploads\/sites\/7\/2025\/02\/tsv-1-1.png\" alt=\"\" class=\"wp-image-682\" srcset=\"https:\/\/www.tsv-buchbach.de\/stockschuetzen\/wp-content\/uploads\/sites\/7\/2025\/02\/tsv-1-1.png 843w, https:\/\/www.tsv-buchbach.de\/stockschuetzen\/wp-content\/uploads\/sites\/7\/2025\/02\/tsv-1-1-272x300.png 272w, https:\/\/www.tsv-buchbach.de\/stockschuetzen\/wp-content\/uploads\/sites\/7\/2025\/02\/tsv-1-1-768x847.png 768w, https:\/\/www.tsv-buchbach.de\/stockschuetzen\/wp-content\/uploads\/sites\/7\/2025\/02\/tsv-1-1-116x128.png 116w, https:\/\/www.tsv-buchbach.de\/stockschuetzen\/wp-content\/uploads\/sites\/7\/2025\/02\/tsv-1-1-29x32.png 29w, https:\/\/www.tsv-buchbach.de\/stockschuetzen\/wp-content\/uploads\/sites\/7\/2025\/02\/tsv-1-1-89x98.png 89w, https:\/\/www.tsv-buchbach.de\/stockschuetzen\/wp-content\/uploads\/sites\/7\/2025\/02\/tsv-1-1-600x662.png 600w\" sizes=\"auto, (max-width: 843px) 100vw, 843px\" \/><\/figure>\n<\/div>\n\n\n\n<div class=\"wp-block-column is-layout-flow wp-block-column-is-layout-flow\">\n<figure class=\"wp-block-image size-full\"><img loading=\"lazy\" decoding=\"async\" width=\"684\" height=\"798\" src=\"https:\/\/www.tsv-buchbach.de\/stockschuetzen\/wp-content\/uploads\/sites\/7\/2025\/02\/Screenshot-2025-02-09-190549.png\" alt=\"\" class=\"wp-image-683\" srcset=\"https:\/\/www.tsv-buchbach.de\/stockschuetzen\/wp-content\/uploads\/sites\/7\/2025\/02\/Screenshot-2025-02-09-190549.png 684w, https:\/\/www.tsv-buchbach.de\/stockschuetzen\/wp-content\/uploads\/sites\/7\/2025\/02\/Screenshot-2025-02-09-190549-257x300.png 257w, https:\/\/www.tsv-buchbach.de\/stockschuetzen\/wp-content\/uploads\/sites\/7\/2025\/02\/Screenshot-2025-02-09-190549-110x128.png 110w, https:\/\/www.tsv-buchbach.de\/stockschuetzen\/wp-content\/uploads\/sites\/7\/2025\/02\/Screenshot-2025-02-09-190549-27x32.png 27w, https:\/\/www.tsv-buchbach.de\/stockschuetzen\/wp-content\/uploads\/sites\/7\/2025\/02\/Screenshot-2025-02-09-190549-84x98.png 84w, https:\/\/www.tsv-buchbach.de\/stockschuetzen\/wp-content\/uploads\/sites\/7\/2025\/02\/Screenshot-2025-02-09-190549-600x700.png 600w\" sizes=\"auto, (max-width: 684px) 100vw, 684px\" \/><\/figure>\n<\/div>\n\n\n\n<div class=\"wp-block-column is-layout-flow wp-block-column-is-layout-flow\">\n<figure class=\"wp-block-image size-full\"><img loading=\"lazy\" decoding=\"async\" width=\"751\" height=\"757\" src=\"https:\/\/www.tsv-buchbach.de\/stockschuetzen\/wp-content\/uploads\/sites\/7\/2025\/02\/Screenshot-2025-02-09-190535.png\" alt=\"\" class=\"wp-image-684\" srcset=\"https:\/\/www.tsv-buchbach.de\/stockschuetzen\/wp-content\/uploads\/sites\/7\/2025\/02\/Screenshot-2025-02-09-190535.png 751w, https:\/\/www.tsv-buchbach.de\/stockschuetzen\/wp-content\/uploads\/sites\/7\/2025\/02\/Screenshot-2025-02-09-190535-298x300.png 298w, https:\/\/www.tsv-buchbach.de\/stockschuetzen\/wp-content\/uploads\/sites\/7\/2025\/02\/Screenshot-2025-02-09-190535-150x150.png 150w, https:\/\/www.tsv-buchbach.de\/stockschuetzen\/wp-content\/uploads\/sites\/7\/2025\/02\/Screenshot-2025-02-09-190535-128x128.png 128w, https:\/\/www.tsv-buchbach.de\/stockschuetzen\/wp-content\/uploads\/sites\/7\/2025\/02\/Screenshot-2025-02-09-190535-32x32.png 32w, https:\/\/www.tsv-buchbach.de\/stockschuetzen\/wp-content\/uploads\/sites\/7\/2025\/02\/Screenshot-2025-02-09-190535-80x80.png 80w, https:\/\/www.tsv-buchbach.de\/stockschuetzen\/wp-content\/uploads\/sites\/7\/2025\/02\/Screenshot-2025-02-09-190535-98x98.png 98w, https:\/\/www.tsv-buchbach.de\/stockschuetzen\/wp-content\/uploads\/sites\/7\/2025\/02\/Screenshot-2025-02-09-190535-600x605.png 600w, https:\/\/www.tsv-buchbach.de\/stockschuetzen\/wp-content\/uploads\/sites\/7\/2025\/02\/Screenshot-2025-02-09-190535-100x100.png 100w\" sizes=\"auto, (max-width: 751px) 100vw, 751px\" \/><\/figure>\n<\/div>\n<\/div>\n","protected":false},"excerpt":{"rendered":"<p>Erstmal zu dem Sportlichen Moment&#8230;. durch den 5. Platz bei der Deutschen Meisterschaft darf Luis Hartmann vom TSV Buchbach zum Quali Lehrgang des DESV.\ud83e\udd29\ud83d\udcaa\ud83c\udffd\ud83c\udde9\ud83c\uddea Bei unserem Festabend am Samstag in der Urweisseh\u00fctte des TSV, durfte unser B\u00fcrgermeister und Schirmherr Thomas Einwang den Bayerischen L\u00f6wen des Innenministerium Bayern an den Sieger der Herren A \u00fcberreichen.\ud83e\udd81\ud83d\udfe6\u2b1c\ufe0f\ud83d\udfe6\u2b1c\ufe0f\ud83e\udd81 Ein&#8230;<\/p>\n","protected":false},"author":9,"featured_media":684,"comment_status":"closed","ping_status":"closed","sticky":false,"template":"","format":"standard","meta":{"footnotes":""},"categories":[1],"tags":[],"class_list":["post-680","post","type-post","status-publish","format-standard","has-post-thumbnail","hentry","category-berichte"],"_links":{"self":[{"href":"https:\/\/www.tsv-buchbach.de\/stockschuetzen\/wp-json\/wp\/v2\/posts\/680","targetHints":{"allow":["GET"]}}],"collection":[{"href":"https:\/\/www.tsv-buchbach.de\/stockschuetzen\/wp-json\/wp\/v2\/posts"}],"about":[{"href":"https:\/\/www.tsv-buchbach.de\/stockschuetzen\/wp-json\/wp\/v2\/types\/post"}],"author":[{"embeddable":true,"href":"https:\/\/www.tsv-buchbach.de\/stockschuetzen\/wp-json\/wp\/v2\/users\/9"}],"replies":[{"embeddable":true,"href":"https:\/\/www.tsv-buchbach.de\/stockschuetzen\/wp-json\/wp\/v2\/comments?post=680"}],"version-history":[{"count":1,"href":"https:\/\/www.tsv-buchbach.de\/stockschuetzen\/wp-json\/wp\/v2\/posts\/680\/revisions"}],"predecessor-version":[{"id":685,"href":"https:\/\/www.tsv-buchbach.de\/stockschuetzen\/wp-json\/wp\/v2\/posts\/680\/revisions\/685"}],"wp:featuredmedia":[{"embeddable":true,"href":"https:\/\/www.tsv-buchbach.de\/stockschuetzen\/wp-json\/wp\/v2\/media\/684"}],"wp:attachment":[{"href":"https:\/\/www.tsv-buchbach.de\/stockschuetzen\/wp-json\/wp\/v2\/media?parent=680"}],"wp:term":[{"taxonomy":"category","embeddable":true,"href":"https:\/\/www.tsv-buchbach.de\/stockschuetzen\/wp-json\/wp\/v2\/categories?post=680"},{"taxonomy":"post_tag","embeddable":true,"href":"https:\/\/www.tsv-buchbach.de\/stockschuetzen\/wp-json\/wp\/v2\/tags?post=680"}],"curies":[{"name":"wp","href":"https:\/\/api.w.org\/{rel}","templated":true}]}}