{"id":696,"date":"2025-02-09T19:24:45","date_gmt":"2025-02-09T18:24:45","guid":{"rendered":"https:\/\/www.tsv-buchbach.de\/stockschuetzen\/?p=696"},"modified":"2025-02-09T19:24:47","modified_gmt":"2025-02-09T18:24:47","slug":"%e2%80%bc%ef%b8%8fes-ist-vollbracht-%e2%80%bc%ef%b8%8f","status":"publish","type":"post","link":"https:\/\/www.tsv-buchbach.de\/stockschuetzen\/%e2%80%bc%ef%b8%8fes-ist-vollbracht-%e2%80%bc%ef%b8%8f\/","title":{"rendered":"\u203c\ufe0fEs ist vollbracht.\u203c\ufe0f"},"content":{"rendered":"\n<p>Der Wiederaufstieg ist gegl\u00fcckt\ud83d\udcaa\ud83c\udffd\u2705\ufe0f<br>Unsere 1. Mannschaft mit den Sch\u00fctzen Aigner Stephan, Aigner Sebastian, Brand Josef, Meisl Klaus und Gaigl Bernd spielten das gute Vorrunden Ergebnis aus Regen in Buchloe &#8222;souver\u00e4n&#8220; zu Ende.<br>Vor den Bahnenspielen belegte der TSV den 3. Platz und starteten somit auf Bahn 2. Das hei\u00dft f\u00fcr uns man muss ein Spiel der 4 Bahnenspiele Gewinnen. Das gelang unseren M\u00e4nner dann im 3. Spiel und steigen in die 1. Bundesliga auf\ud83c\udf1f\ud83d\udca5\ud83c\udf7b<\/p>\n\n\n\n<p>Das wird nat\u00fcrlich noch gefeiert \ud83d\ude1c\ud83e\udd42<\/p>\n\n\n\n<div class=\"wp-block-columns is-layout-flex wp-container-core-columns-is-layout-9d6595d7 wp-block-columns-is-layout-flex\">\n<div class=\"wp-block-column is-layout-flow wp-block-column-is-layout-flow\">\n<figure class=\"wp-block-image size-full\"><img loading=\"lazy\" decoding=\"async\" width=\"586\" height=\"878\" src=\"https:\/\/www.tsv-buchbach.de\/stockschuetzen\/wp-content\/uploads\/sites\/7\/2025\/02\/Screenshot-2025-02-09-192036.png\" alt=\"\" class=\"wp-image-697\" srcset=\"https:\/\/www.tsv-buchbach.de\/stockschuetzen\/wp-content\/uploads\/sites\/7\/2025\/02\/Screenshot-2025-02-09-192036.png 586w, https:\/\/www.tsv-buchbach.de\/stockschuetzen\/wp-content\/uploads\/sites\/7\/2025\/02\/Screenshot-2025-02-09-192036-200x300.png 200w, https:\/\/www.tsv-buchbach.de\/stockschuetzen\/wp-content\/uploads\/sites\/7\/2025\/02\/Screenshot-2025-02-09-192036-85x128.png 85w, https:\/\/www.tsv-buchbach.de\/stockschuetzen\/wp-content\/uploads\/sites\/7\/2025\/02\/Screenshot-2025-02-09-192036-21x32.png 21w, https:\/\/www.tsv-buchbach.de\/stockschuetzen\/wp-content\/uploads\/sites\/7\/2025\/02\/Screenshot-2025-02-09-192036-65x98.png 65w\" sizes=\"auto, (max-width: 586px) 100vw, 586px\" \/><\/figure>\n<\/div>\n\n\n\n<div class=\"wp-block-column is-layout-flow wp-block-column-is-layout-flow\">\n<figure class=\"wp-block-image size-large\"><img loading=\"lazy\" decoding=\"async\" width=\"783\" height=\"1024\" src=\"https:\/\/www.tsv-buchbach.de\/stockschuetzen\/wp-content\/uploads\/sites\/7\/2025\/02\/Screenshot-2025-02-09-192347-783x1024.png\" alt=\"\" class=\"wp-image-698\" srcset=\"https:\/\/www.tsv-buchbach.de\/stockschuetzen\/wp-content\/uploads\/sites\/7\/2025\/02\/Screenshot-2025-02-09-192347-783x1024.png 783w, https:\/\/www.tsv-buchbach.de\/stockschuetzen\/wp-content\/uploads\/sites\/7\/2025\/02\/Screenshot-2025-02-09-192347-229x300.png 229w, https:\/\/www.tsv-buchbach.de\/stockschuetzen\/wp-content\/uploads\/sites\/7\/2025\/02\/Screenshot-2025-02-09-192347-768x1005.png 768w, https:\/\/www.tsv-buchbach.de\/stockschuetzen\/wp-content\/uploads\/sites\/7\/2025\/02\/Screenshot-2025-02-09-192347-98x128.png 98w, https:\/\/www.tsv-buchbach.de\/stockschuetzen\/wp-content\/uploads\/sites\/7\/2025\/02\/Screenshot-2025-02-09-192347-24x32.png 24w, https:\/\/www.tsv-buchbach.de\/stockschuetzen\/wp-content\/uploads\/sites\/7\/2025\/02\/Screenshot-2025-02-09-192347-75x98.png 75w, https:\/\/www.tsv-buchbach.de\/stockschuetzen\/wp-content\/uploads\/sites\/7\/2025\/02\/Screenshot-2025-02-09-192347-600x785.png 600w, https:\/\/www.tsv-buchbach.de\/stockschuetzen\/wp-content\/uploads\/sites\/7\/2025\/02\/Screenshot-2025-02-09-192347.png 794w\" sizes=\"auto, (max-width: 783px) 100vw, 783px\" \/><\/figure>\n<\/div>\n<\/div>\n","protected":false},"excerpt":{"rendered":"<p>Der Wiederaufstieg ist gegl\u00fcckt\ud83d\udcaa\ud83c\udffd\u2705\ufe0fUnsere 1. Mannschaft mit den Sch\u00fctzen Aigner Stephan, Aigner Sebastian, Brand Josef, Meisl Klaus und Gaigl Bernd spielten das gute Vorrunden Ergebnis aus Regen in Buchloe &#8222;souver\u00e4n&#8220; zu Ende.Vor den Bahnenspielen belegte der TSV den 3. Platz und starteten somit auf Bahn 2. Das hei\u00dft f\u00fcr uns man muss ein Spiel der&#8230;<\/p>\n","protected":false},"author":9,"featured_media":697,"comment_status":"closed","ping_status":"closed","sticky":false,"template":"","format":"standard","meta":{"footnotes":""},"categories":[1],"tags":[],"class_list":["post-696","post","type-post","status-publish","format-standard","has-post-thumbnail","hentry","category-berichte"],"_links":{"self":[{"href":"https:\/\/www.tsv-buchbach.de\/stockschuetzen\/wp-json\/wp\/v2\/posts\/696","targetHints":{"allow":["GET"]}}],"collection":[{"href":"https:\/\/www.tsv-buchbach.de\/stockschuetzen\/wp-json\/wp\/v2\/posts"}],"about":[{"href":"https:\/\/www.tsv-buchbach.de\/stockschuetzen\/wp-json\/wp\/v2\/types\/post"}],"author":[{"embeddable":true,"href":"https:\/\/www.tsv-buchbach.de\/stockschuetzen\/wp-json\/wp\/v2\/users\/9"}],"replies":[{"embeddable":true,"href":"https:\/\/www.tsv-buchbach.de\/stockschuetzen\/wp-json\/wp\/v2\/comments?post=696"}],"version-history":[{"count":1,"href":"https:\/\/www.tsv-buchbach.de\/stockschuetzen\/wp-json\/wp\/v2\/posts\/696\/revisions"}],"predecessor-version":[{"id":699,"href":"https:\/\/www.tsv-buchbach.de\/stockschuetzen\/wp-json\/wp\/v2\/posts\/696\/revisions\/699"}],"wp:featuredmedia":[{"embeddable":true,"href":"https:\/\/www.tsv-buchbach.de\/stockschuetzen\/wp-json\/wp\/v2\/media\/697"}],"wp:attachment":[{"href":"https:\/\/www.tsv-buchbach.de\/stockschuetzen\/wp-json\/wp\/v2\/media?parent=696"}],"wp:term":[{"taxonomy":"category","embeddable":true,"href":"https:\/\/www.tsv-buchbach.de\/stockschuetzen\/wp-json\/wp\/v2\/categories?post=696"},{"taxonomy":"post_tag","embeddable":true,"href":"https:\/\/www.tsv-buchbach.de\/stockschuetzen\/wp-json\/wp\/v2\/tags?post=696"}],"curies":[{"name":"wp","href":"https:\/\/api.w.org\/{rel}","templated":true}]}}