{"id":703,"date":"2025-03-18T21:08:42","date_gmt":"2025-03-18T20:08:42","guid":{"rendered":"https:\/\/www.tsv-buchbach.de\/stockschuetzen\/?p=703"},"modified":"2025-08-24T17:57:24","modified_gmt":"2025-08-24T15:57:24","slug":"jahreshauptversammlung-mit-neuwahlen","status":"publish","type":"post","link":"https:\/\/www.tsv-buchbach.de\/stockschuetzen\/jahreshauptversammlung-mit-neuwahlen\/","title":{"rendered":"Jahreshauptversammlung mit Neuwahlen"},"content":{"rendered":"\n<p>Am Montag 10.03.25 fand im Stockheisl bei uns in Buchbach die JHV der Stocksch\u00fctzen statt. <\/p>\n\n\n\n<p>Abteilungsvorstand Thurner Robert begr\u00fc\u00dfte p\u00fcnktlich um 19:30 Uhr die Mitglieder sowie Vorstandssprecher Tremmel Florian, Ehrenmitglied Brand Josef und den ehemaligen Vorstand des TSV Maier Anton.<\/p>\n\n\n\n<p>2. Tagesordnungspunkt war das Gedenken an die verstorbenen Mitgliedern, dass mit einer Schweigeminute durchgef\u00fchrt wurde.<\/p>\n\n\n\n<p>Darauf hin folgten die Berichte der Abteilungsleitung (Thurner Robert), Der Jugendleiterin (Zirnbauer Sophia) und des Kassier (Zirnbauer Martin).<\/p>\n\n\n\n<p>In diesem Jahr standen wieder Neuwahlen auf dem Programm. Diese wurden durch den Wahlleiter Tremmel Florian durchgef\u00fchrt. Nicht mehr zur Verf\u00fcgung stellte sich Schriftf\u00fchrer Christian Fuchs der das Amt 8 Jahre ausf\u00fchrte daf\u00fcr ein gro\u00dfes Dankesch\u00f6n von der Abteilungsleitung und wenn ihr meint 8 Jahre ist schon eine lange zeit im Ehrenamt, da liegt ihr falsch. : ) Nicht mehr an Board ist unser Kassier, der das Amt 26 Jahre ausgef\u00fchrt hat, Zirnbauer Martin.(Siehe Bild unten) Danke f\u00fcr die Lange Zeit die du uns an der Seite gestanden bist.<\/p>\n\n\n\n<p>Die Neue Vorstandschaft setzt sich zusammen (Bild Oben v.l) Vorstanssprecher TSV Buchbach Tremmel Florian, 2. Abteilungsvorstand Hartmann Thomas, 1. Abteilungsvorstand Thurner Robert, Jugendleiterin Zirnbauer Sophia, Schriftf\u00fchrer Zirnbauer Markus, Kassier Lantenhammer Hannes und Sportlicher Leiter Aigner Sebastian.<\/p>\n\n\n\n<p>Zum Abschluss der JHV wurden die Mannschaften der Vereins internen Bahnmeisterschaft noch eingeteilt.<\/p>\n\n\n\n<figure class=\"wp-block-image size-large\"><img loading=\"lazy\" decoding=\"async\" width=\"1024\" height=\"544\" src=\"https:\/\/www.tsv-buchbach.de\/stockschuetzen\/wp-content\/uploads\/sites\/7\/2025\/03\/IMG-20250310-WA0012-1024x544.jpg\" alt=\"\" class=\"wp-image-705\" srcset=\"https:\/\/www.tsv-buchbach.de\/stockschuetzen\/wp-content\/uploads\/sites\/7\/2025\/03\/IMG-20250310-WA0012-1024x544.jpg 1024w, https:\/\/www.tsv-buchbach.de\/stockschuetzen\/wp-content\/uploads\/sites\/7\/2025\/03\/IMG-20250310-WA0012-300x159.jpg 300w, https:\/\/www.tsv-buchbach.de\/stockschuetzen\/wp-content\/uploads\/sites\/7\/2025\/03\/IMG-20250310-WA0012-768x408.jpg 768w, https:\/\/www.tsv-buchbach.de\/stockschuetzen\/wp-content\/uploads\/sites\/7\/2025\/03\/IMG-20250310-WA0012-1536x815.jpg 1536w, https:\/\/www.tsv-buchbach.de\/stockschuetzen\/wp-content\/uploads\/sites\/7\/2025\/03\/IMG-20250310-WA0012-2048x1087.jpg 2048w, https:\/\/www.tsv-buchbach.de\/stockschuetzen\/wp-content\/uploads\/sites\/7\/2025\/03\/IMG-20250310-WA0012-128x68.jpg 128w, https:\/\/www.tsv-buchbach.de\/stockschuetzen\/wp-content\/uploads\/sites\/7\/2025\/03\/IMG-20250310-WA0012-32x17.jpg 32w, https:\/\/www.tsv-buchbach.de\/stockschuetzen\/wp-content\/uploads\/sites\/7\/2025\/03\/IMG-20250310-WA0012-98x52.jpg 98w, https:\/\/www.tsv-buchbach.de\/stockschuetzen\/wp-content\/uploads\/sites\/7\/2025\/03\/IMG-20250310-WA0012-600x319.jpg 600w\" sizes=\"auto, (max-width: 1024px) 100vw, 1024px\" \/><figcaption class=\"wp-element-caption\">v.l. Hartmann Thomas, Tremmel Florian, Zirnbauer Martin, Thurner Robert<\/figcaption><\/figure>\n","protected":false},"excerpt":{"rendered":"<p>Am Montag 10.03.25 fand im Stockheisl bei uns in Buchbach die JHV der Stocksch\u00fctzen statt. Abteilungsvorstand Thurner Robert begr\u00fc\u00dfte p\u00fcnktlich um 19:30 Uhr die Mitglieder sowie Vorstandssprecher Tremmel Florian, Ehrenmitglied Brand Josef und den ehemaligen Vorstand des TSV Maier Anton. 2. Tagesordnungspunkt war das Gedenken an die verstorbenen Mitgliedern, dass mit einer Schweigeminute durchgef\u00fchrt wurde&#8230;.<\/p>\n","protected":false},"author":9,"featured_media":784,"comment_status":"closed","ping_status":"closed","sticky":false,"template":"","format":"standard","meta":{"footnotes":""},"categories":[1],"tags":[],"class_list":["post-703","post","type-post","status-publish","format-standard","has-post-thumbnail","hentry","category-berichte"],"_links":{"self":[{"href":"https:\/\/www.tsv-buchbach.de\/stockschuetzen\/wp-json\/wp\/v2\/posts\/703","targetHints":{"allow":["GET"]}}],"collection":[{"href":"https:\/\/www.tsv-buchbach.de\/stockschuetzen\/wp-json\/wp\/v2\/posts"}],"about":[{"href":"https:\/\/www.tsv-buchbach.de\/stockschuetzen\/wp-json\/wp\/v2\/types\/post"}],"author":[{"embeddable":true,"href":"https:\/\/www.tsv-buchbach.de\/stockschuetzen\/wp-json\/wp\/v2\/users\/9"}],"replies":[{"embeddable":true,"href":"https:\/\/www.tsv-buchbach.de\/stockschuetzen\/wp-json\/wp\/v2\/comments?post=703"}],"version-history":[{"count":1,"href":"https:\/\/www.tsv-buchbach.de\/stockschuetzen\/wp-json\/wp\/v2\/posts\/703\/revisions"}],"predecessor-version":[{"id":706,"href":"https:\/\/www.tsv-buchbach.de\/stockschuetzen\/wp-json\/wp\/v2\/posts\/703\/revisions\/706"}],"wp:featuredmedia":[{"embeddable":true,"href":"https:\/\/www.tsv-buchbach.de\/stockschuetzen\/wp-json\/wp\/v2\/media\/784"}],"wp:attachment":[{"href":"https:\/\/www.tsv-buchbach.de\/stockschuetzen\/wp-json\/wp\/v2\/media?parent=703"}],"wp:term":[{"taxonomy":"category","embeddable":true,"href":"https:\/\/www.tsv-buchbach.de\/stockschuetzen\/wp-json\/wp\/v2\/categories?post=703"},{"taxonomy":"post_tag","embeddable":true,"href":"https:\/\/www.tsv-buchbach.de\/stockschuetzen\/wp-json\/wp\/v2\/tags?post=703"}],"curies":[{"name":"wp","href":"https:\/\/api.w.org\/{rel}","templated":true}]}}